{"id":3828,"date":"2025-09-26T00:40:08","date_gmt":"2025-09-26T00:40:08","guid":{"rendered":"https:\/\/portaldeyoung.uy\/?p=3828"},"modified":"2025-09-26T00:40:50","modified_gmt":"2025-09-26T00:40:50","slug":"en-rio-negro-se-identificaron-4-600-viviendas-desocupadas-de-las-cuales-1-719-carecen-de-justificacion-clara","status":"publish","type":"post","link":"https:\/\/portaldeyoung.uy\/index.php\/2025\/09\/26\/en-rio-negro-se-identificaron-4-600-viviendas-desocupadas-de-las-cuales-1-719-carecen-de-justificacion-clara\/","title":{"rendered":"En  R\u00edo Negro, se identificaron 4.600 viviendas desocupadas, de las cuales 1.719 carecen de justificaci\u00f3n clara"},"content":{"rendered":"\n<p>En el marco de una gira nacional, la Comisi\u00f3n de Vivienda del Senado, integrada por representantes de los tres partidos pol\u00edticos, arrib\u00f3 a Fray Bentos para mantener encuentros con autoridades departamentales y distintos grupos cooperativos. El objetivo de la instancia fue analizar las pol\u00edticas habitacionales que se proyectan impulsar a nivel nacional.<\/p>\n\n\n\n<p>El presidente de la comisi\u00f3n, senador \u00d3scar Andrade, destac\u00f3 que los \u00faltimos relevamientos se\u00f1alan la existencia de 320.000 viviendas vac\u00edas en el pa\u00eds, de las cuales 97.000 no tienen explicaci\u00f3n, y un tercio de ellas se encuentran tapiadas. En el caso de R\u00edo Negro, se identificaron 4.600 viviendas desocupadas, de las cuales 1.719 carecen de justificaci\u00f3n clara, por lo que podr\u00edan ser pasibles de expropiaci\u00f3n.<\/p>\n\n\n\n<p>En este contexto, Andrade se\u00f1al\u00f3 que la comisi\u00f3n se encuentra revisando toda la normativa aprobada en distintos per\u00edodos, reconociendo que \u201cla mayor\u00eda no ha tenido resultados\u201d. Por tal motivo, adelant\u00f3 que se proyecta aprobar en el pr\u00f3ximo mes una nueva ley que simplifique los tr\u00e1mites para que las viviendas abandonadas pasen a dominio p\u00fablico y puedan integrarse a una cartera social de tierras.<\/p>\n\n\n\n<p>El legislador remarc\u00f3 adem\u00e1s que estas recorridas buscan involucrar a las intendencias y municipios, con el prop\u00f3sito de elaborar un inventario m\u00e1s detallado de la situaci\u00f3n habitacional en cada departamento.<\/p>\n\n\n\n<p>*<em>R\u00edo Negro Ahora &#8211;<\/em> <em>Foto intendencia de R\u00edo Negro.<\/em><\/p>\n","protected":false},"excerpt":{"rendered":"<p>En el marco de una gira nacional, la Comisi\u00f3n de Vivienda del Senado, integrada por representantes de los tres partidos pol\u00edticos, arrib\u00f3 a Fray Bentos<\/p>\n","protected":false},"author":1,"featured_media":3829,"comment_status":"open","ping_status":"open","sticky":false,"template":"","format":"standard","meta":{"advgb_blocks_editor_width":"","advgb_blocks_columns_visual_guide":"","footnotes":"","jetpack_publicize_message":"En el marco de una gira nacional, la Comisi\u00f3n de Vivienda del Senado, integrada por representantes de los tres partidos pol\u00edticos, arrib\u00f3 a Fray Bentos para mantener encuentros con ...","jetpack_publicize_feature_enabled":false,"jetpack_social_post_already_shared":false,"jetpack_social_options":{"image_generator_settings":{"template":"highway","default_image_id":0,"font":"","enabled":false},"version":2}},"categories":[6],"tags":[],"class_list":["post-3828","post","type-post","status-publish","format-standard","has-post-thumbnail","hentry","category-del-departamento"],"author_meta":{"display_name":"Portal","author_link":"https:\/\/portaldeyoung.uy\/index.php\/author\/admin_port\/"},"featured_img":"https:\/\/portaldeyoung.uy\/wp-content\/uploads\/2025\/09\/intendente-vivienda-300x168.jpg","jetpack_publicize_connections":[],"coauthors":[],"tax_additional":{"categories":{"linked":["<a href=\"https:\/\/portaldeyoung.uy\/index.php\/category\/del-departamento\/\" class=\"advgb-post-tax-term\">Del departamento<\/a>"],"unlinked":["<span class=\"advgb-post-tax-term\">Del departamento<\/span>"]}},"comment_count":"0","relative_dates":{"created":"Publicado 7 meses hace","modified":"Actualizado 7 meses hace"},"absolute_dates":{"created":"Publicado el septiembre 26, 2025","modified":"Actualizado el septiembre 26, 2025"},"absolute_dates_time":{"created":"Publicado el septiembre 26, 2025 12:40 am","modified":"Actualizado el septiembre 26, 2025 12:40 am"},"featured_img_caption":"","series_order":"","_links":{"self":[{"href":"https:\/\/portaldeyoung.uy\/index.php\/wp-json\/wp\/v2\/posts\/3828","targetHints":{"allow":["GET"]}}],"collection":[{"href":"https:\/\/portaldeyoung.uy\/index.php\/wp-json\/wp\/v2\/posts"}],"about":[{"href":"https:\/\/portaldeyoung.uy\/index.php\/wp-json\/wp\/v2\/types\/post"}],"author":[{"embeddable":true,"href":"https:\/\/portaldeyoung.uy\/index.php\/wp-json\/wp\/v2\/users\/1"}],"replies":[{"embeddable":true,"href":"https:\/\/portaldeyoung.uy\/index.php\/wp-json\/wp\/v2\/comments?post=3828"}],"version-history":[{"count":1,"href":"https:\/\/portaldeyoung.uy\/index.php\/wp-json\/wp\/v2\/posts\/3828\/revisions"}],"predecessor-version":[{"id":3830,"href":"https:\/\/portaldeyoung.uy\/index.php\/wp-json\/wp\/v2\/posts\/3828\/revisions\/3830"}],"wp:featuredmedia":[{"embeddable":true,"href":"https:\/\/portaldeyoung.uy\/index.php\/wp-json\/wp\/v2\/media\/3829"}],"wp:attachment":[{"href":"https:\/\/portaldeyoung.uy\/index.php\/wp-json\/wp\/v2\/media?parent=3828"}],"wp:term":[{"taxonomy":"category","embeddable":true,"href":"https:\/\/portaldeyoung.uy\/index.php\/wp-json\/wp\/v2\/categories?post=3828"},{"taxonomy":"post_tag","embeddable":true,"href":"https:\/\/portaldeyoung.uy\/index.php\/wp-json\/wp\/v2\/tags?post=3828"}],"curies":[{"name":"wp","href":"https:\/\/api.w.org\/{rel}","templated":true}]}}