{"id":3797,"date":"2025-09-25T10:27:48","date_gmt":"2025-09-25T10:27:48","guid":{"rendered":"https:\/\/portaldeyoung.uy\/?p=3797"},"modified":"2025-09-25T10:28:26","modified_gmt":"2025-09-25T10:28:26","slug":"teleton-travesia-fray-bentos-montevideo","status":"publish","type":"post","link":"https:\/\/portaldeyoung.uy\/index.php\/2025\/09\/25\/teleton-travesia-fray-bentos-montevideo\/","title":{"rendered":"Telet\u00f3n: traves\u00eda Fray Bentos &#8211; Montevideo"},"content":{"rendered":"\n<p>La Telet\u00f3n puso en marcha una nueva edici\u00f3n de su desaf\u00edo solidario con el ultramaratonista Santiago Gonz\u00e1lez, quien recorrer\u00e1 casi 500 kil\u00f3metros en 11 d\u00edas uniendo Fray Bentos con Montevideo.<\/p>\n\n\n\n<p>La primera etapa parti\u00f3 desde Fray Bentos con destino a Dolores, en un tramo de 72 kil\u00f3metros, considerado el m\u00e1s extenso de toda la traves\u00eda. En esta instancia se destac\u00f3 tambi\u00e9n la participaci\u00f3n del fraybentino Francisco Cairus, quien acompa\u00f1a a Gonz\u00e1lez corriendo la primera etapa.<\/p>\n\n\n\n<p>El a\u00f1o pasado, el desaf\u00edo uni\u00f3 Montevideo con Fray Bentos en siete etapas, alcanzando una recaudaci\u00f3n de 3.000 d\u00f3lares. Para esta edici\u00f3n 2025, la organizaci\u00f3n se fij\u00f3 como meta superar e incluso duplicar esa cifra, con el objetivo de seguir fortaleciendo el trabajo de la fundaci\u00f3n.<\/p>\n\n\n\n<p>Adem\u00e1s de compartir en su cuenta de Instagram las formas de colaborar, Gonz\u00e1lez inform\u00f3 que durante el recorrido se dispondr\u00e1n urnas solidarias en las distintas localidades, de manera que la gente pueda aportar en el trayecto.<\/p>\n\n\n\n<p>La Telet\u00f3n asiste actualmente a 3.600 ni\u00f1os en diferentes programas de rehabilitaci\u00f3n y atenci\u00f3n integral en todo el pa\u00eds.<\/p>\n\n\n\n<p><em>*R\u00edo Negro Ahora<\/em><\/p>\n","protected":false},"excerpt":{"rendered":"<p>La Telet\u00f3n puso en marcha una nueva edici\u00f3n de su desaf\u00edo solidario con el ultramaratonista Santiago Gonz\u00e1lez, quien recorrer\u00e1 casi 500 kil\u00f3metros en 11 d\u00edas<\/p>\n","protected":false},"author":1,"featured_media":3798,"comment_status":"open","ping_status":"open","sticky":false,"template":"","format":"standard","meta":{"advgb_blocks_editor_width":"","advgb_blocks_columns_visual_guide":"","footnotes":"","jetpack_publicize_message":"La Telet\u00f3n puso en marcha una nueva edici\u00f3n de su desaf\u00edo solidario con el ultramaratonista Santiago Gonz\u00e1lez, quien recorrer\u00e1 casi 500 kil\u00f3metros ...","jetpack_publicize_feature_enabled":false,"jetpack_social_post_already_shared":false,"jetpack_social_options":{"image_generator_settings":{"template":"highway","default_image_id":0,"font":"","enabled":false},"version":2}},"categories":[6],"tags":[],"class_list":["post-3797","post","type-post","status-publish","format-standard","has-post-thumbnail","hentry","category-del-departamento"],"author_meta":{"display_name":"Portal","author_link":"https:\/\/portaldeyoung.uy\/index.php\/author\/admin_port\/"},"featured_img":"https:\/\/portaldeyoung.uy\/wp-content\/uploads\/2025\/09\/teleton-300x168.png","jetpack_publicize_connections":[],"coauthors":[],"tax_additional":{"categories":{"linked":["<a href=\"https:\/\/portaldeyoung.uy\/index.php\/category\/del-departamento\/\" class=\"advgb-post-tax-term\">Del departamento<\/a>"],"unlinked":["<span class=\"advgb-post-tax-term\">Del departamento<\/span>"]}},"comment_count":"0","relative_dates":{"created":"Publicado 7 meses hace","modified":"Actualizado 7 meses hace"},"absolute_dates":{"created":"Publicado el septiembre 25, 2025","modified":"Actualizado el septiembre 25, 2025"},"absolute_dates_time":{"created":"Publicado el septiembre 25, 2025 10:27 am","modified":"Actualizado el septiembre 25, 2025 10:28 am"},"featured_img_caption":"","series_order":"","_links":{"self":[{"href":"https:\/\/portaldeyoung.uy\/index.php\/wp-json\/wp\/v2\/posts\/3797","targetHints":{"allow":["GET"]}}],"collection":[{"href":"https:\/\/portaldeyoung.uy\/index.php\/wp-json\/wp\/v2\/posts"}],"about":[{"href":"https:\/\/portaldeyoung.uy\/index.php\/wp-json\/wp\/v2\/types\/post"}],"author":[{"embeddable":true,"href":"https:\/\/portaldeyoung.uy\/index.php\/wp-json\/wp\/v2\/users\/1"}],"replies":[{"embeddable":true,"href":"https:\/\/portaldeyoung.uy\/index.php\/wp-json\/wp\/v2\/comments?post=3797"}],"version-history":[{"count":1,"href":"https:\/\/portaldeyoung.uy\/index.php\/wp-json\/wp\/v2\/posts\/3797\/revisions"}],"predecessor-version":[{"id":3799,"href":"https:\/\/portaldeyoung.uy\/index.php\/wp-json\/wp\/v2\/posts\/3797\/revisions\/3799"}],"wp:featuredmedia":[{"embeddable":true,"href":"https:\/\/portaldeyoung.uy\/index.php\/wp-json\/wp\/v2\/media\/3798"}],"wp:attachment":[{"href":"https:\/\/portaldeyoung.uy\/index.php\/wp-json\/wp\/v2\/media?parent=3797"}],"wp:term":[{"taxonomy":"category","embeddable":true,"href":"https:\/\/portaldeyoung.uy\/index.php\/wp-json\/wp\/v2\/categories?post=3797"},{"taxonomy":"post_tag","embeddable":true,"href":"https:\/\/portaldeyoung.uy\/index.php\/wp-json\/wp\/v2\/tags?post=3797"}],"curies":[{"name":"wp","href":"https:\/\/api.w.org\/{rel}","templated":true}]}}