{"id":3783,"date":"2025-09-25T09:56:36","date_gmt":"2025-09-25T09:56:36","guid":{"rendered":"https:\/\/portaldeyoung.uy\/?p=3783"},"modified":"2025-09-25T09:57:12","modified_gmt":"2025-09-25T09:57:12","slug":"decomisos-multas-y-clausuras-por-queso-rallado-adulterado-en-varios-departamentos","status":"publish","type":"post","link":"https:\/\/portaldeyoung.uy\/index.php\/2025\/09\/25\/decomisos-multas-y-clausuras-por-queso-rallado-adulterado-en-varios-departamentos\/","title":{"rendered":"Decomisos, multas y clausuras por queso rallado adulterado en varios departamentos."},"content":{"rendered":"\n<p>Productos sin documentaci\u00f3n, con 30% m\u00e1s de almid\u00f3n de lo autorizado y 10 veces m\u00e1s de conservantes.<\/p>\n\n\n\n<p>Desde el Registro \u00danico Nacional de Alimentos, Empresas y Veh\u00edculos (RUNAEV), en coordinaci\u00f3n con los servicios bromatol\u00f3gicos de las distintas intendencias, y tras los an\u00e1lisis correspondientes del LATU, elaboraron una lista con las marcas en infracci\u00f3n.<\/p>\n\n\n\n<p>Estas son:<\/p>\n\n\n\n<p>\u25cf Queso rallado Mamita<\/p>\n\n\n\n<p>\u25cf Queso procesado rallado Carmelitana<\/p>\n\n\n\n<p>\u25cf Queso procesado rallado Do\u00f1a Carmen<\/p>\n\n\n\n<p>\u25cf Queso procesado rallado Don Ra\u00fal<\/p>\n\n\n\n<p>\u25cf Queso procesado rallado Rebenque<\/p>\n\n\n\n<p>\u25cf Queso procesado rallado Campestre<\/p>\n\n\n\n<p>\u25cf Queso procesado rallado Reggio<\/p>\n\n\n\n<p>\u25cf Queso procesado rallado Aguilera &amp; Cia.<\/p>\n\n\n\n<p>\u25cf Queso rallado Qsomos<\/p>\n\n\n\n<p>\u25cf Queso procesado rallado La Juanita<\/p>\n\n\n\n<p>\u25cf Queso procesado rallado Las Palmas<\/p>\n\n\n\n<p>Asimismo, dos de las marcas muestreadas, Do\u00f1a Teresita y Pradera Sur, presentan un riesgo adicional al ser de origen desconocido, por lo que no se puede solicitar a los fabricantes su retiro del mercado.<\/p>\n\n\n\n<p>En tal sentido, el Director de Contralor de la Intendencia de Canelones, Jorge Laclau, explic\u00f3 como se procede en estos casos.<\/p>\n\n\n\n<p>Nota <strong>AUDIO:<\/strong><\/p>\n\n\n\n<figure class=\"wp-block-audio\"><audio controls src=\"https:\/\/portaldeyoung.uy\/wp-content\/uploads\/2025\/09\/laclau.mp3\"><\/audio><\/figure>\n","protected":false},"excerpt":{"rendered":"<p>Productos sin documentaci\u00f3n, con 30% m\u00e1s de almid\u00f3n de lo autorizado y 10 veces m\u00e1s de conservantes. Desde el Registro \u00danico Nacional de Alimentos, Empresas<\/p>\n","protected":false},"author":1,"featured_media":3785,"comment_status":"open","ping_status":"open","sticky":false,"template":"","format":"standard","meta":{"advgb_blocks_editor_width":"","advgb_blocks_columns_visual_guide":"","footnotes":"","jetpack_publicize_message":"Productos sin documentaci\u00f3n, con 30% m\u00e1s de almid\u00f3n de lo autorizado y 10 veces m\u00e1s de conservantes ...","jetpack_publicize_feature_enabled":false,"jetpack_social_post_already_shared":false,"jetpack_social_options":{"image_generator_settings":{"template":"highway","default_image_id":0,"font":"","enabled":false},"version":2}},"categories":[7],"tags":[],"class_list":["post-3783","post","type-post","status-publish","format-standard","has-post-thumbnail","hentry","category-del-pais"],"author_meta":{"display_name":"Portal","author_link":"https:\/\/portaldeyoung.uy\/index.php\/author\/admin_port\/"},"featured_img":"https:\/\/portaldeyoung.uy\/wp-content\/uploads\/2025\/09\/queso-rallado-300x194.jpg","jetpack_publicize_connections":[],"coauthors":[],"tax_additional":{"categories":{"linked":["<a href=\"https:\/\/portaldeyoung.uy\/index.php\/category\/del-pais\/\" class=\"advgb-post-tax-term\">Del pa\u00eds<\/a>"],"unlinked":["<span class=\"advgb-post-tax-term\">Del pa\u00eds<\/span>"]}},"comment_count":"0","relative_dates":{"created":"Publicado 7 meses hace","modified":"Actualizado 7 meses hace"},"absolute_dates":{"created":"Publicado el septiembre 25, 2025","modified":"Actualizado el septiembre 25, 2025"},"absolute_dates_time":{"created":"Publicado el septiembre 25, 2025 9:56 am","modified":"Actualizado el septiembre 25, 2025 9:57 am"},"featured_img_caption":"","series_order":"","_links":{"self":[{"href":"https:\/\/portaldeyoung.uy\/index.php\/wp-json\/wp\/v2\/posts\/3783","targetHints":{"allow":["GET"]}}],"collection":[{"href":"https:\/\/portaldeyoung.uy\/index.php\/wp-json\/wp\/v2\/posts"}],"about":[{"href":"https:\/\/portaldeyoung.uy\/index.php\/wp-json\/wp\/v2\/types\/post"}],"author":[{"embeddable":true,"href":"https:\/\/portaldeyoung.uy\/index.php\/wp-json\/wp\/v2\/users\/1"}],"replies":[{"embeddable":true,"href":"https:\/\/portaldeyoung.uy\/index.php\/wp-json\/wp\/v2\/comments?post=3783"}],"version-history":[{"count":1,"href":"https:\/\/portaldeyoung.uy\/index.php\/wp-json\/wp\/v2\/posts\/3783\/revisions"}],"predecessor-version":[{"id":3786,"href":"https:\/\/portaldeyoung.uy\/index.php\/wp-json\/wp\/v2\/posts\/3783\/revisions\/3786"}],"wp:featuredmedia":[{"embeddable":true,"href":"https:\/\/portaldeyoung.uy\/index.php\/wp-json\/wp\/v2\/media\/3785"}],"wp:attachment":[{"href":"https:\/\/portaldeyoung.uy\/index.php\/wp-json\/wp\/v2\/media?parent=3783"}],"wp:term":[{"taxonomy":"category","embeddable":true,"href":"https:\/\/portaldeyoung.uy\/index.php\/wp-json\/wp\/v2\/categories?post=3783"},{"taxonomy":"post_tag","embeddable":true,"href":"https:\/\/portaldeyoung.uy\/index.php\/wp-json\/wp\/v2\/tags?post=3783"}],"curies":[{"name":"wp","href":"https:\/\/api.w.org\/{rel}","templated":true}]}}