{"id":3728,"date":"2025-09-24T09:52:31","date_gmt":"2025-09-24T09:52:31","guid":{"rendered":"https:\/\/portaldeyoung.uy\/?p=3728"},"modified":"2025-09-24T14:19:53","modified_gmt":"2025-09-24T14:19:53","slug":"guichon-se-moviliza-ante-cierre-de-la-oficina-local-de-copagran","status":"publish","type":"post","link":"https:\/\/portaldeyoung.uy\/index.php\/2025\/09\/24\/guichon-se-moviliza-ante-cierre-de-la-oficina-local-de-copagran\/","title":{"rendered":"Guich\u00f3n se moviliza ante cierre de la oficina local de Copagran"},"content":{"rendered":"\n<p>Guich\u00f3n se moviliza este jueves ante la decisi\u00f3n de la Cooperativa Agraria Nacional (Copagran), de reducir la plantilla laboral en 39 de sus 226 funcionarios permanentes y cerrar las oficinas comerciales de Guich\u00f3n, Palmitas y Nuevo Berl\u00edn. Adem\u00e1s del cierre de la oficina de la Cooperativa en Guich\u00f3n, se suma el despido all\u00ed de 4 personas y 7 en la ciudad de Paysand\u00fa.<\/p>\n\n\n\n<p>La situaci\u00f3n gener\u00f3 la convocatoria a una reuni\u00f3n a realizarse ma\u00f1ana jueves a las 14 horas, frente al local de Copagran en Guich\u00f3n, en apoyo a los funcionarios que quedaron desempleados y a toda la zona que queda carente de este servicio. A trav\u00e9s de un comunicado que se transmiti\u00f3 por redes sociales, se hace menci\u00f3n al \u201cimpacto desfavorable que genera tales consecuencias, dependiendo del apoyo de ustedes revertir la situaci\u00f3n\u201d.<\/p>\n\n\n\n<p>Como indicara  oportunamente, Copagran inform\u00f3 en la ma\u00f1ana del viernes a sus productores sobre \u201cun proceso de reestructura que estamos ejecutando en la empresa, dise\u00f1ado para mejorar la rentabilidad y sostenibilidad de nuestra cooperativa\u201d, en el marco de la implementaci\u00f3n del Plan Estrat\u00e9gico 2025-2030.<\/p>\n\n\n\n<p>Aseguraron que esta medida \u201cno implica un retroceso en la gesti\u00f3n. Por el contrario, tiene como objetivo fortalecer a la cooperativa para seguir siendo un socio confiable y competitivo por muchos a\u00f1os m\u00e1s\u201d. Y agregan en la misiva enviada a los productores socios: \u201ccomo comprender\u00e1, es una decisi\u00f3n dolorosa que tomamos con la mayor responsabilidad y muy cuidadosamente. Por esa raz\u00f3n, estamos en condiciones de asegurarle que su servicio no se ver\u00e1 afectado\u201d, acotan.<\/p>\n\n\n\n<p><em>*El Tel\u00e9grafo<\/em><\/p>\n","protected":false},"excerpt":{"rendered":"<p>Guich\u00f3n se moviliza este jueves ante la decisi\u00f3n de la Cooperativa Agraria Nacional (Copagran), de reducir la plantilla laboral en 39 de sus 226 funcionarios<\/p>\n","protected":false},"author":1,"featured_media":3729,"comment_status":"open","ping_status":"open","sticky":false,"template":"","format":"standard","meta":{"advgb_blocks_editor_width":"","advgb_blocks_columns_visual_guide":"","footnotes":"","jetpack_publicize_message":"Guich\u00f3n se moviliza este jueves ante la decisi\u00f3n de la Cooperativa Agraria Nacional (Copagran), de reducir la plantilla laboral en 39 de ...","jetpack_publicize_feature_enabled":false,"jetpack_social_post_already_shared":false,"jetpack_social_options":{"image_generator_settings":{"template":"highway","default_image_id":0,"font":"","enabled":false},"version":2}},"categories":[7],"tags":[],"class_list":["post-3728","post","type-post","status-publish","format-standard","has-post-thumbnail","hentry","category-del-pais"],"author_meta":{"display_name":"Portal","author_link":"https:\/\/portaldeyoung.uy\/index.php\/author\/admin_port\/"},"featured_img":"https:\/\/portaldeyoung.uy\/wp-content\/uploads\/2025\/09\/copagran-guichon-300x169.jpg","jetpack_publicize_connections":[],"coauthors":[],"tax_additional":{"categories":{"linked":["<a href=\"https:\/\/portaldeyoung.uy\/index.php\/category\/del-pais\/\" class=\"advgb-post-tax-term\">Del pa\u00eds<\/a>"],"unlinked":["<span class=\"advgb-post-tax-term\">Del pa\u00eds<\/span>"]}},"comment_count":"0","relative_dates":{"created":"Publicado 7 meses hace","modified":"Actualizado 7 meses hace"},"absolute_dates":{"created":"Publicado el septiembre 24, 2025","modified":"Actualizado el septiembre 24, 2025"},"absolute_dates_time":{"created":"Publicado el septiembre 24, 2025 9:52 am","modified":"Actualizado el septiembre 24, 2025 2:19 pm"},"featured_img_caption":"","series_order":"","_links":{"self":[{"href":"https:\/\/portaldeyoung.uy\/index.php\/wp-json\/wp\/v2\/posts\/3728","targetHints":{"allow":["GET"]}}],"collection":[{"href":"https:\/\/portaldeyoung.uy\/index.php\/wp-json\/wp\/v2\/posts"}],"about":[{"href":"https:\/\/portaldeyoung.uy\/index.php\/wp-json\/wp\/v2\/types\/post"}],"author":[{"embeddable":true,"href":"https:\/\/portaldeyoung.uy\/index.php\/wp-json\/wp\/v2\/users\/1"}],"replies":[{"embeddable":true,"href":"https:\/\/portaldeyoung.uy\/index.php\/wp-json\/wp\/v2\/comments?post=3728"}],"version-history":[{"count":1,"href":"https:\/\/portaldeyoung.uy\/index.php\/wp-json\/wp\/v2\/posts\/3728\/revisions"}],"predecessor-version":[{"id":3730,"href":"https:\/\/portaldeyoung.uy\/index.php\/wp-json\/wp\/v2\/posts\/3728\/revisions\/3730"}],"wp:featuredmedia":[{"embeddable":true,"href":"https:\/\/portaldeyoung.uy\/index.php\/wp-json\/wp\/v2\/media\/3729"}],"wp:attachment":[{"href":"https:\/\/portaldeyoung.uy\/index.php\/wp-json\/wp\/v2\/media?parent=3728"}],"wp:term":[{"taxonomy":"category","embeddable":true,"href":"https:\/\/portaldeyoung.uy\/index.php\/wp-json\/wp\/v2\/categories?post=3728"},{"taxonomy":"post_tag","embeddable":true,"href":"https:\/\/portaldeyoung.uy\/index.php\/wp-json\/wp\/v2\/tags?post=3728"}],"curies":[{"name":"wp","href":"https:\/\/api.w.org\/{rel}","templated":true}]}}