{"id":3688,"date":"2025-09-23T10:47:14","date_gmt":"2025-09-23T10:47:14","guid":{"rendered":"https:\/\/portaldeyoung.uy\/?p=3688"},"modified":"2025-09-23T10:54:31","modified_gmt":"2025-09-23T10:54:31","slug":"vecinos-de-fray-bentos-organizan-movimiento-de-personas-desocupadas","status":"publish","type":"post","link":"https:\/\/portaldeyoung.uy\/index.php\/2025\/09\/23\/vecinos-de-fray-bentos-organizan-movimiento-de-personas-desocupadas\/","title":{"rendered":"Vecinos de Fray Bentos organizan movimiento de personas desocupadas"},"content":{"rendered":"\n<p>Un grupo de vecinos de Fray Bentos comenz\u00f3 a organizarse conformando un movimiento de personas desocupadas, con el prop\u00f3sito de visibilizar la situaci\u00f3n que atraviesan y plantear alternativas que permitan generar fuentes laborales en la ciudad.<\/p>\n\n\n\n<p>En este marco, los integrantes del grupo han iniciado una serie de reuniones y presentaron una solicitud ante la Junta Departamental de R\u00edo Negro para ser recibidos por las tres bancadas \u2014Frente Amplio, Partido Nacional y Partido Colorado\u2014 con el fin de analizar posibles iniciativas y proyectos que contribuyan a la creaci\u00f3n de puestos de trabajo.<\/p>\n\n\n\n<p>Alicia Bustamante, referente del colectivo, se\u00f1al\u00f3 a R\u00edo Negro Ahora que el movimiento \u201ces apol\u00edtico y est\u00e1 integrado por personas de todas las edades\u201d, quienes han planteado con preocupaci\u00f3n la falta de empleo que afecta a la ciudad.<\/p>\n\n\n\n<p>Seg\u00fan expresaron en la misiva presentada, el objetivo no es recibir ayudas puntuales, sino promover soluciones que garanticen ingresos y la posibilidad de sustentar a sus familias.<\/p>\n\n\n\n<p><em>*R\u00edo Negro Ahora<\/em><\/p>\n","protected":false},"excerpt":{"rendered":"<p>Un grupo de vecinos de Fray Bentos comenz\u00f3 a organizarse conformando un movimiento de personas desocupadas, con el prop\u00f3sito de visibilizar la situaci\u00f3n que atraviesan<\/p>\n","protected":false},"author":1,"featured_media":3689,"comment_status":"open","ping_status":"open","sticky":false,"template":"","format":"standard","meta":{"advgb_blocks_editor_width":"","advgb_blocks_columns_visual_guide":"","footnotes":"","jetpack_publicize_message":"Un grupo de vecinos de Fray Bentos comenz\u00f3 a organizarse conformando un movimiento de personas desocupadas, con el ...","jetpack_publicize_feature_enabled":false,"jetpack_social_post_already_shared":false,"jetpack_social_options":{"image_generator_settings":{"template":"highway","default_image_id":0,"font":"","enabled":false},"version":2}},"categories":[6],"tags":[],"class_list":["post-3688","post","type-post","status-publish","format-standard","has-post-thumbnail","hentry","category-del-departamento"],"author_meta":{"display_name":"Portal","author_link":"https:\/\/portaldeyoung.uy\/index.php\/author\/admin_port\/"},"featured_img":"https:\/\/portaldeyoung.uy\/wp-content\/uploads\/2025\/09\/desocupados-fray-bentos-300x164.png","jetpack_publicize_connections":[],"coauthors":[],"tax_additional":{"categories":{"linked":["<a href=\"https:\/\/portaldeyoung.uy\/index.php\/category\/del-departamento\/\" class=\"advgb-post-tax-term\">Del departamento<\/a>"],"unlinked":["<span class=\"advgb-post-tax-term\">Del departamento<\/span>"]}},"comment_count":"0","relative_dates":{"created":"Publicado 7 meses hace","modified":"Actualizado 7 meses hace"},"absolute_dates":{"created":"Publicado el septiembre 23, 2025","modified":"Actualizado el septiembre 23, 2025"},"absolute_dates_time":{"created":"Publicado el septiembre 23, 2025 10:47 am","modified":"Actualizado el septiembre 23, 2025 10:54 am"},"featured_img_caption":"","series_order":"","_links":{"self":[{"href":"https:\/\/portaldeyoung.uy\/index.php\/wp-json\/wp\/v2\/posts\/3688","targetHints":{"allow":["GET"]}}],"collection":[{"href":"https:\/\/portaldeyoung.uy\/index.php\/wp-json\/wp\/v2\/posts"}],"about":[{"href":"https:\/\/portaldeyoung.uy\/index.php\/wp-json\/wp\/v2\/types\/post"}],"author":[{"embeddable":true,"href":"https:\/\/portaldeyoung.uy\/index.php\/wp-json\/wp\/v2\/users\/1"}],"replies":[{"embeddable":true,"href":"https:\/\/portaldeyoung.uy\/index.php\/wp-json\/wp\/v2\/comments?post=3688"}],"version-history":[{"count":2,"href":"https:\/\/portaldeyoung.uy\/index.php\/wp-json\/wp\/v2\/posts\/3688\/revisions"}],"predecessor-version":[{"id":3692,"href":"https:\/\/portaldeyoung.uy\/index.php\/wp-json\/wp\/v2\/posts\/3688\/revisions\/3692"}],"wp:featuredmedia":[{"embeddable":true,"href":"https:\/\/portaldeyoung.uy\/index.php\/wp-json\/wp\/v2\/media\/3689"}],"wp:attachment":[{"href":"https:\/\/portaldeyoung.uy\/index.php\/wp-json\/wp\/v2\/media?parent=3688"}],"wp:term":[{"taxonomy":"category","embeddable":true,"href":"https:\/\/portaldeyoung.uy\/index.php\/wp-json\/wp\/v2\/categories?post=3688"},{"taxonomy":"post_tag","embeddable":true,"href":"https:\/\/portaldeyoung.uy\/index.php\/wp-json\/wp\/v2\/tags?post=3688"}],"curies":[{"name":"wp","href":"https:\/\/api.w.org\/{rel}","templated":true}]}}