{"id":3677,"date":"2025-09-23T10:35:43","date_gmt":"2025-09-23T10:35:43","guid":{"rendered":"https:\/\/portaldeyoung.uy\/?p=3677"},"modified":"2025-09-23T10:37:04","modified_gmt":"2025-09-23T10:37:04","slug":"jerarca-de-intendencia-de-artigas-fue-condenado-por-violencia-domestica-hacia-su-pareja","status":"publish","type":"post","link":"https:\/\/portaldeyoung.uy\/index.php\/2025\/09\/23\/jerarca-de-intendencia-de-artigas-fue-condenado-por-violencia-domestica-hacia-su-pareja\/","title":{"rendered":"Jerarca de Intendencia de Artigas fue condenado por violencia dom\u00e9stica hacia su pareja"},"content":{"rendered":"\n<p>Rodrigo Rol\u00f3n fue condenado mediante acuerdo abreviado a ocho meses de prisi\u00f3n en r\u00e9gimen de libertad a prueba por un delito de violencia dom\u00e9stica agravado en concurrencia fuera de la reiteraci\u00f3n con un delito de lesiones personales.<\/p>\n\n\n\n<p>Un jerarca del gobierno departamental del departamento de <strong>Artigas<\/strong> fue condenado por darle una golpiza a su pareja, inform\u00f3 el corresponsal de<em> Subrayado<\/em>, Sergio Mart\u00ednez.<\/p>\n\n\n\n<p>El director de Comunicaciones de Fiscal\u00eda, Javier Benech, inform\u00f3 que este lunes fue condenado mediante acuerdo abreviado a ocho meses de prisi\u00f3n en r\u00e9gimen de libertad a prueba por un delito de <strong>violencia dom\u00e9stica<\/strong> agravado en concurrencia fuera de la reiteraci\u00f3n con un delito de lesiones personales.<\/p>\n\n\n\n<p>La mitad de la pena, deber\u00e1 cumplir arresto domiciliario nocturno por cuatro meses de 22.00 a 06.00, adem\u00e1s, deber\u00e1 realizar trabajo comunitario y presentarse semanalmente en una seccional policial, usar tobillera electr\u00f3nica cuando exista una disponible para la ciudad Artigas.<\/p>\n\n\n\n<p>El encargado de la Unidad de la Asistencia a la Vivienda de la <strong>Intendencia<\/strong> de Artigas, Rodrigo Rol\u00f3n, fue detenido este s\u00e1bado en la ma\u00f1ana tras propinarle una golpiza a su pareja caus\u00e1ndole heridas en su cabeza.<\/p>\n\n\n\n<p>La mujer lleg\u00f3 semidesnuda y con su rostro cubierto de sangre a la sede de la Polic\u00eda Cient\u00edfica, pidiendo auxilio. De inmediato se dio cuenta a Fiscal\u00eda y a la Juzgado de 1\u00ba Turno que orden\u00f3 detener al agresor.<\/p>\n\n\n\n<p><strong>El caso<\/strong><\/p>\n\n\n\n<p>En junio del a\u00f1o pasado, Rol\u00f3n fue denunciado por la misma mujer por agresi\u00f3n f\u00edsica y sexual. La Fiscal\u00eda Departamental deriv\u00f3 el caso a Delitos Sexuales de la Jefatura de Polic\u00eda de Artigas y activ\u00f3 el protocolo de abuso sexual.<\/p>\n\n\n\n<p>El juez de la causa orden\u00f3 la colocaci\u00f3n de tobillera electr\u00f3nica al denunciado, pero meses despu\u00e9s la denunciante decidi\u00f3 retirar la denuncia por lo que se archiv\u00f3 el caso y dejando sin antecedentes al agresor.<\/p>\n\n\n\n<p>El 20 de junio el intendente en ese momento, Pablo Caram, ces\u00f3 de sus funciones a Rol\u00f3n por su situaci\u00f3n jur\u00eddica. Durante la gesti\u00f3n de Elita Volpi, Rol\u00f3n solicit\u00f3 que se lo reintegrara a sus funciones, pero fue rechazada.<\/p>\n\n\n\n<p>Tras la asunci\u00f3n de Emiliano Soravilla y ante el archivo de la causa por violencia dom\u00e9stica, volvi\u00f3 a ocupar la Unidad de Asistencia a la Vivienda.<\/p>\n\n\n\n<p>Rol\u00f3n tambi\u00e9n es uno de los 13 investigados por Fiscal\u00eda Departamental en el esc\u00e1ndalo del cobro irregular de horas extras en la comuna artiguense y fue candidato a convencional del Partido Nacional por la lista 25025.<\/p>\n\n\n\n<p>\u00abLo que tuvo en el anterior episodio fue una denuncia que despu\u00e9s fue retirada, y pasaron varios meses despu\u00e9s cuando se asumi\u00f3 esta administraci\u00f3n, y en ese momento estaba totalmente posibilitado de ocupar el cargo. Pero frente a esta nueva circunstancia es incompatible esa situaci\u00f3n con ocupar la funci\u00f3n que ocupa\u00bb, dijo Soravilla en conferencia de prensa.<\/p>\n\n\n\n<p>\u00abYo pienso que la comisi\u00f3n de g\u00e9nero tiene que actuar sobre el tema y la comisi\u00f3n laboral. No nos olvidemos que es uno de los beneficiados de las horas extras, es un funcionario que lo han reingresado despu\u00e9s de haberse ido, porque hab\u00eda una violencia sexual y una violencia f\u00edsica a su pareja, ahora reitera esa violencia. Es un mimoso de este gobierno departamental. Porque quien le permit\u00eda las horas extras era el director general anterior, y era el actual intendente escribano Emiliano Soravilla\u00bb, dijo el edil colorado, Daniel Arga\u00f1araz.<\/p>\n\n\n\n<p><em>*Subrayado<\/em><\/p>\n","protected":false},"excerpt":{"rendered":"<p>Rodrigo Rol\u00f3n fue condenado mediante acuerdo abreviado a ocho meses de prisi\u00f3n en r\u00e9gimen de libertad a prueba por un delito de violencia dom\u00e9stica agravado<\/p>\n","protected":false},"author":1,"featured_media":3678,"comment_status":"open","ping_status":"open","sticky":false,"template":"","format":"standard","meta":{"advgb_blocks_editor_width":"","advgb_blocks_columns_visual_guide":"","footnotes":"","jetpack_publicize_message":"Rodrigo Rol\u00f3n fue condenado mediante acuerdo abreviado a ocho meses de prisi\u00f3n en r\u00e9gimen de libertad a prueba por un delito de violencia dom\u00e9stica agravado en concurrencia fuera de ...","jetpack_publicize_feature_enabled":false,"jetpack_social_post_already_shared":false,"jetpack_social_options":{"image_generator_settings":{"template":"highway","default_image_id":0,"font":"","enabled":false},"version":2}},"categories":[7],"tags":[],"class_list":["post-3677","post","type-post","status-publish","format-standard","has-post-thumbnail","hentry","category-del-pais"],"author_meta":{"display_name":"Portal","author_link":"https:\/\/portaldeyoung.uy\/index.php\/author\/admin_port\/"},"featured_img":"https:\/\/portaldeyoung.uy\/wp-content\/uploads\/2025\/09\/intendencia-artigas-300x204.png","jetpack_publicize_connections":[],"coauthors":[],"tax_additional":{"categories":{"linked":["<a href=\"https:\/\/portaldeyoung.uy\/index.php\/category\/del-pais\/\" class=\"advgb-post-tax-term\">Del pa\u00eds<\/a>"],"unlinked":["<span class=\"advgb-post-tax-term\">Del pa\u00eds<\/span>"]}},"comment_count":"0","relative_dates":{"created":"Publicado 7 meses hace","modified":"Actualizado 7 meses hace"},"absolute_dates":{"created":"Publicado el septiembre 23, 2025","modified":"Actualizado el septiembre 23, 2025"},"absolute_dates_time":{"created":"Publicado el septiembre 23, 2025 10:35 am","modified":"Actualizado el septiembre 23, 2025 10:37 am"},"featured_img_caption":"","series_order":"","_links":{"self":[{"href":"https:\/\/portaldeyoung.uy\/index.php\/wp-json\/wp\/v2\/posts\/3677","targetHints":{"allow":["GET"]}}],"collection":[{"href":"https:\/\/portaldeyoung.uy\/index.php\/wp-json\/wp\/v2\/posts"}],"about":[{"href":"https:\/\/portaldeyoung.uy\/index.php\/wp-json\/wp\/v2\/types\/post"}],"author":[{"embeddable":true,"href":"https:\/\/portaldeyoung.uy\/index.php\/wp-json\/wp\/v2\/users\/1"}],"replies":[{"embeddable":true,"href":"https:\/\/portaldeyoung.uy\/index.php\/wp-json\/wp\/v2\/comments?post=3677"}],"version-history":[{"count":1,"href":"https:\/\/portaldeyoung.uy\/index.php\/wp-json\/wp\/v2\/posts\/3677\/revisions"}],"predecessor-version":[{"id":3679,"href":"https:\/\/portaldeyoung.uy\/index.php\/wp-json\/wp\/v2\/posts\/3677\/revisions\/3679"}],"wp:featuredmedia":[{"embeddable":true,"href":"https:\/\/portaldeyoung.uy\/index.php\/wp-json\/wp\/v2\/media\/3678"}],"wp:attachment":[{"href":"https:\/\/portaldeyoung.uy\/index.php\/wp-json\/wp\/v2\/media?parent=3677"}],"wp:term":[{"taxonomy":"category","embeddable":true,"href":"https:\/\/portaldeyoung.uy\/index.php\/wp-json\/wp\/v2\/categories?post=3677"},{"taxonomy":"post_tag","embeddable":true,"href":"https:\/\/portaldeyoung.uy\/index.php\/wp-json\/wp\/v2\/tags?post=3677"}],"curies":[{"name":"wp","href":"https:\/\/api.w.org\/{rel}","templated":true}]}}