{"id":3576,"date":"2025-09-19T20:22:30","date_gmt":"2025-09-19T20:22:30","guid":{"rendered":"https:\/\/portaldeyoung.uy\/?p=3576"},"modified":"2025-09-22T12:12:06","modified_gmt":"2025-09-22T12:12:06","slug":"ose-presento-en-young-obras-de-saneamiento-y-mejoras-en-el-abastecimiento-de-agua-potable-por-mas-de-20-millones-de-dolares","status":"publish","type":"post","link":"https:\/\/portaldeyoung.uy\/index.php\/2025\/09\/19\/ose-presento-en-young-obras-de-saneamiento-y-mejoras-en-el-abastecimiento-de-agua-potable-por-mas-de-20-millones-de-dolares\/","title":{"rendered":"OSE present\u00f3 en Young obras de saneamiento y mejoras en el abastecimiento de agua potable por m\u00e1s de 20 millones de d\u00f3lares"},"content":{"rendered":"\n<p>En la jornada de este viernes 19, en el Centro Socio Cultural de Young, integrantes del Directorio de OSE presentaron oficialmente el plan de saneamiento que beneficiar\u00e1 a 1.300 familias, junto con la ampliaci\u00f3n de la red de suministro de agua potable para la ciudad.<\/p>\n\n\n\n<p>El presidente de OSE, Pablo Ferreri, encabez\u00f3 la actividad y destac\u00f3 la relevancia de estas inversiones: <em>\u201cEs un enorme placer estar aqu\u00ed. Estos son los d\u00edas m\u00e1s lindos de nuestro trabajo, cuando logramos ver cristalizados los esfuerzos en mejoras concretas de calidad de vida para la gente. Con estas obras, estamos convencidos de que los habitantes de Young van a vivir mejor\u201d<\/em>, expres\u00f3.<\/p>\n\n\n\n<p>Ferreri explic\u00f3 que se trata de una inversi\u00f3n superior a los 20 millones de d\u00f3lares, destinada tanto a la construcci\u00f3n de una moderna planta de tratamiento de agua potable como a la ampliaci\u00f3n de la red de saneamiento. La obra en agua potable, estimada en 8 millones de d\u00f3lares, contempla la instalaci\u00f3n de dos unidades potabilizadoras de ars\u00e9nico (UPA), con la posibilidad de sumar una tercera en el futuro. Con ello, la producci\u00f3n pasar\u00e1 a 243 m\u00b3, superando ampliamente el pico de consumo de la ciudad en verano (173 m\u00b3). Adem\u00e1s, permitir\u00e1 reducir los niveles de ars\u00e9nico en el agua a menos de 10 microgramos por litro, cumpliendo con los est\u00e1ndares m\u00e1s exigentes de la zona.<\/p>\n\n\n\n<p>En cuanto al saneamiento, la inversi\u00f3n ronda los 12 millones de d\u00f3lares y contempla 18 kil\u00f3metros de red que beneficiar\u00e1n a unas 4.700 personas, con 1.300 conexiones potenciales. Esto permitir\u00e1 elevar la cobertura en Young del 52% actual a cerca del 80%, por encima del promedio nacional. La obra tiene un plazo de ejecuci\u00f3n de un a\u00f1o y medio.<\/p>\n\n\n\n<p>El titular de OSE resalt\u00f3 tambi\u00e9n que estas obras no solo mejorar\u00e1n la calidad de vida de los vecinos, sino que adem\u00e1s generan empleo local: actualmente trabajan unas 30 personas en cada proyecto, n\u00famero que aumentar\u00e1 hasta 50 durante el desarrollo de las obras.<\/p>\n\n\n\n<p>\u201cEsto es parte de un ciclo completo de mejora en la gesti\u00f3n y distribuci\u00f3n del agua potable, con tecnolog\u00eda de \u00faltima generaci\u00f3n y procesos m\u00e1s amigables con el medio ambiente. Estamos celebrando una obra que, m\u00e1s all\u00e1 de los millones de d\u00f3lares que implica, se mide en el impacto positivo para la poblaci\u00f3n\u201d, concluy\u00f3 Ferreri.<\/p>\n\n\n\n<div class=\"wp-block-advgb-images-slider advgb-images-slider-block advg-images-slider-e3caa7ca-f6e1-46f5-b3a7-ad5f58013902\"><div class=\"advgb-images-slider\" dir=\"ltr\"><div class=\"advgb-image-slider-item\"><img decoding=\"async\" src=\"https:\/\/portaldeyoung.uy\/wp-content\/uploads\/2025\/09\/ose-agua-2.jpg\" class=\"advgb-image-slider-img\" alt=\"\" style=\"width:100%;height:auto\"\/><div class=\"advgb-image-slider-item-info\" style=\"justify-content:center;align-items:center\"><\/div><\/div><div class=\"advgb-image-slider-item\"><img decoding=\"async\" src=\"https:\/\/portaldeyoung.uy\/wp-content\/uploads\/2025\/09\/OSE-agua.jpg\" class=\"advgb-image-slider-img\" alt=\"\" style=\"width:100%;height:auto\"\/><div class=\"advgb-image-slider-item-info\" style=\"justify-content:center;align-items:center\"><\/div><\/div><div class=\"advgb-image-slider-item\"><img decoding=\"async\" src=\"https:\/\/portaldeyoung.uy\/wp-content\/uploads\/2025\/09\/saneamiento-young-2.jpg\" class=\"advgb-image-slider-img\" alt=\"\" style=\"width:100%;height:auto\"\/><div class=\"advgb-image-slider-item-info\" style=\"justify-content:center;align-items:center\"><\/div><\/div><div class=\"advgb-image-slider-item\"><img decoding=\"async\" src=\"https:\/\/portaldeyoung.uy\/wp-content\/uploads\/2025\/09\/saneamiento-young-1.jpg\" class=\"advgb-image-slider-img\" alt=\"\" style=\"width:100%;height:auto\"\/><div class=\"advgb-image-slider-item-info\" style=\"justify-content:center;align-items:center\"><\/div><\/div><\/div><\/div>\n\n\n\n<h3 class=\"wp-block-heading\">\ud83d\udcca Datos Clave de la Obra en Young<\/h3>\n\n\n\n<ul class=\"wp-block-list\">\n<li><strong>Inversi\u00f3n total<\/strong>: m\u00e1s de <strong>20 millones de d\u00f3lares<\/strong><\/li>\n\n\n\n<li><strong>Agua potable<\/strong>:\n<ul class=\"wp-block-list\">\n<li>Inversi\u00f3n: <strong>8 millones de d\u00f3lares<\/strong><\/li>\n\n\n\n<li>Producci\u00f3n: <strong>243 m\u00b3<\/strong> (vs. pico de consumo de <strong>173 m\u00b3<\/strong> en verano)<\/li>\n\n\n\n<li>Reducci\u00f3n de ars\u00e9nico: de <strong>20 microgramos<\/strong> a menos de <strong>10 microgramos por litro<\/strong><\/li>\n\n\n\n<li>Plazo: <strong>2\u00ba trimestre de 2026<\/strong><\/li>\n<\/ul>\n<\/li>\n\n\n\n<li><strong>Saneamiento<\/strong>:\n<ul class=\"wp-block-list\">\n<li>Inversi\u00f3n: <strong>12 millones de d\u00f3lares<\/strong><\/li>\n\n\n\n<li><strong>18 km<\/strong> de red<\/li>\n\n\n\n<li><strong>1.300 conexiones<\/strong> (beneficiando a unas <strong>4.700 personas<\/strong>)<\/li>\n\n\n\n<li>Cobertura: del <strong>52%<\/strong> al <strong>75\u201380%<\/strong> de la ciudad<\/li>\n\n\n\n<li>Plazo: <strong>1 a\u00f1o y medio<\/strong><\/li>\n<\/ul>\n<\/li>\n\n\n\n<li><strong>Empleo generado<\/strong>: entre <strong>30 y 50 trabajadores<\/strong> en obra<\/li>\n<\/ul>\n\n\n\n<p><\/p>\n\n\n\n<p><em>*Fotos redes Municipio de Young<\/em><\/p>\n","protected":false},"excerpt":{"rendered":"<p>En la jornada de este viernes 19, en el Centro Socio Cultural de Young, integrantes del Directorio de OSE presentaron oficialmente el plan de saneamiento<\/p>\n","protected":false},"author":1,"featured_media":3577,"comment_status":"open","ping_status":"open","sticky":false,"template":"","format":"standard","meta":{"advgb_blocks_editor_width":"","advgb_blocks_columns_visual_guide":"","footnotes":"","jetpack_publicize_message":"En la jornada de este viernes 19, en el Centro Socio Cultural de Young, integrantes del Directorio de OSE presentaron oficialmente el plan de saneamiento que beneficiar\u00e1 a 1.300 familias ...","jetpack_publicize_feature_enabled":false,"jetpack_social_post_already_shared":false,"jetpack_social_options":{"image_generator_settings":{"template":"highway","default_image_id":0,"font":"","enabled":false},"version":2}},"categories":[4],"tags":[],"class_list":["post-3576","post","type-post","status-publish","format-standard","has-post-thumbnail","hentry","category-de-aca"],"author_meta":{"display_name":"Portal","author_link":"https:\/\/portaldeyoung.uy\/index.php\/author\/admin_port\/"},"featured_img":"https:\/\/portaldeyoung.uy\/wp-content\/uploads\/2025\/09\/OSE-plan-saneamiento-300x139.jpg","jetpack_publicize_connections":[],"coauthors":[],"tax_additional":{"categories":{"linked":["<a href=\"https:\/\/portaldeyoung.uy\/index.php\/category\/de-aca\/\" class=\"advgb-post-tax-term\">De ac\u00e1<\/a>"],"unlinked":["<span class=\"advgb-post-tax-term\">De ac\u00e1<\/span>"]}},"comment_count":"0","relative_dates":{"created":"Publicado 7 meses hace","modified":"Actualizado 7 meses hace"},"absolute_dates":{"created":"Publicado el septiembre 19, 2025","modified":"Actualizado el septiembre 22, 2025"},"absolute_dates_time":{"created":"Publicado el septiembre 19, 2025 8:22 pm","modified":"Actualizado el septiembre 22, 2025 12:12 pm"},"featured_img_caption":"","series_order":"","_links":{"self":[{"href":"https:\/\/portaldeyoung.uy\/index.php\/wp-json\/wp\/v2\/posts\/3576","targetHints":{"allow":["GET"]}}],"collection":[{"href":"https:\/\/portaldeyoung.uy\/index.php\/wp-json\/wp\/v2\/posts"}],"about":[{"href":"https:\/\/portaldeyoung.uy\/index.php\/wp-json\/wp\/v2\/types\/post"}],"author":[{"embeddable":true,"href":"https:\/\/portaldeyoung.uy\/index.php\/wp-json\/wp\/v2\/users\/1"}],"replies":[{"embeddable":true,"href":"https:\/\/portaldeyoung.uy\/index.php\/wp-json\/wp\/v2\/comments?post=3576"}],"version-history":[{"count":6,"href":"https:\/\/portaldeyoung.uy\/index.php\/wp-json\/wp\/v2\/posts\/3576\/revisions"}],"predecessor-version":[{"id":3596,"href":"https:\/\/portaldeyoung.uy\/index.php\/wp-json\/wp\/v2\/posts\/3576\/revisions\/3596"}],"wp:featuredmedia":[{"embeddable":true,"href":"https:\/\/portaldeyoung.uy\/index.php\/wp-json\/wp\/v2\/media\/3577"}],"wp:attachment":[{"href":"https:\/\/portaldeyoung.uy\/index.php\/wp-json\/wp\/v2\/media?parent=3576"}],"wp:term":[{"taxonomy":"category","embeddable":true,"href":"https:\/\/portaldeyoung.uy\/index.php\/wp-json\/wp\/v2\/categories?post=3576"},{"taxonomy":"post_tag","embeddable":true,"href":"https:\/\/portaldeyoung.uy\/index.php\/wp-json\/wp\/v2\/tags?post=3576"}],"curies":[{"name":"wp","href":"https:\/\/api.w.org\/{rel}","templated":true}]}}