{"id":3564,"date":"2025-09-19T19:20:46","date_gmt":"2025-09-19T19:20:46","guid":{"rendered":"https:\/\/portaldeyoung.uy\/?p=3564"},"modified":"2025-09-22T12:11:52","modified_gmt":"2025-09-22T12:11:52","slug":"young-sigue-perdiendo-puestos-de-trabajo-ahora-despidos-en-copagran","status":"publish","type":"post","link":"https:\/\/portaldeyoung.uy\/index.php\/2025\/09\/19\/young-sigue-perdiendo-puestos-de-trabajo-ahora-despidos-en-copagran\/","title":{"rendered":"Young sigue perdiendo puestos de trabajo: ahora despidos en Copagran"},"content":{"rendered":"\n<p>La cooperativa Copagran confirm\u00f3 el despido de 40 trabajadores en todo el pa\u00eds, de los cuales 11 corresponden a la filial de Young. La medida constituye un nuevo golpe para la ciudad, que en las \u00faltimas semanas ya se hab\u00eda visto afectada por los ceses laborales en la planta industrial de Claldy.<\/p>\n\n\n\n<p>La noticia gener\u00f3 fuerte preocupaci\u00f3n  en el sector laboral, ya que implica la p\u00e9rdida de m\u00e1s empleos en un contexto econ\u00f3mico desafiante para la zona.<\/p>\n\n\n\n<p>Seg\u00fan explic\u00f3 el referente de los trabajadores de Copagran, Gast\u00f3n Gonz\u00e1lez, la forma en que se comunicaron los despidos sorprendi\u00f3 a todo el personal. \u201cTen\u00edan una reuni\u00f3n en la tarde donde nos dijeron que hab\u00eda que achicar\u2026 y cuando sal\u00ed de la reuni\u00f3n hab\u00edan mandado los WhatsApp con los despidos\u201d, se\u00f1al\u00f3.<\/p>\n\n\n\n<p>\u201cFue sorpresivo, no hubo una negociaci\u00f3n\u201d, agreg\u00f3 Gonz\u00e1lez, quien confirm\u00f3 que ya se present\u00f3 la denuncia correspondiente y que hoy se llevar\u00e1 a cabo una instancia de negociaci\u00f3n con la empresa, buscando alternativas que permitan mitigar el impacto de la medida.<\/p>\n\n\n\n<p>En total, los despidos alcanzan a 40 trabajadores en distintas filiales, de los cuales 11 son de Young y 3 de Nuevo Berl\u00edn, en el departamento de R\u00edo Negro. Tambi\u00e9n se registraron ceses en Guich\u00f3n, Paysand\u00fa y otras localidades.<\/p>\n\n\n\n<p>En su momento, la filial de Young lleg\u00f3 a tener 120 empleados; hasta ayer contaba con 65, y tras los 11 ceses anunciados la cifra se reduce a\u00fan m\u00e1s, profundizando la p\u00e9rdida de puestos laborales en la ciudad.<\/p>\n","protected":false},"excerpt":{"rendered":"<p>La cooperativa Copagran confirm\u00f3 el despido de 40 trabajadores en todo el pa\u00eds, de los cuales 11 corresponden a la filial de Young. La medida<\/p>\n","protected":false},"author":1,"featured_media":3565,"comment_status":"open","ping_status":"open","sticky":false,"template":"","format":"standard","meta":{"advgb_blocks_editor_width":"","advgb_blocks_columns_visual_guide":"","footnotes":"","jetpack_publicize_message":"La cooperativa Copagran confirm\u00f3 el despido de 40 trabajadores en todo el pa\u00eds, de los cuales 11 corresponden a la filial de Young. La medida ...","jetpack_publicize_feature_enabled":false,"jetpack_social_post_already_shared":false,"jetpack_social_options":{"image_generator_settings":{"template":"highway","default_image_id":0,"font":"","enabled":false},"version":2}},"categories":[4],"tags":[],"class_list":["post-3564","post","type-post","status-publish","format-standard","has-post-thumbnail","hentry","category-de-aca"],"author_meta":{"display_name":"Portal","author_link":"https:\/\/portaldeyoung.uy\/index.php\/author\/admin_port\/"},"featured_img":"https:\/\/portaldeyoung.uy\/wp-content\/uploads\/2025\/09\/copagran-300x122.png","jetpack_publicize_connections":[],"coauthors":[],"tax_additional":{"categories":{"linked":["<a href=\"https:\/\/portaldeyoung.uy\/index.php\/category\/de-aca\/\" class=\"advgb-post-tax-term\">De ac\u00e1<\/a>"],"unlinked":["<span class=\"advgb-post-tax-term\">De ac\u00e1<\/span>"]}},"comment_count":"0","relative_dates":{"created":"Publicado 8 meses hace","modified":"Actualizado 7 meses hace"},"absolute_dates":{"created":"Publicado el septiembre 19, 2025","modified":"Actualizado el septiembre 22, 2025"},"absolute_dates_time":{"created":"Publicado el septiembre 19, 2025 7:20 pm","modified":"Actualizado el septiembre 22, 2025 12:11 pm"},"featured_img_caption":"","series_order":"","_links":{"self":[{"href":"https:\/\/portaldeyoung.uy\/index.php\/wp-json\/wp\/v2\/posts\/3564","targetHints":{"allow":["GET"]}}],"collection":[{"href":"https:\/\/portaldeyoung.uy\/index.php\/wp-json\/wp\/v2\/posts"}],"about":[{"href":"https:\/\/portaldeyoung.uy\/index.php\/wp-json\/wp\/v2\/types\/post"}],"author":[{"embeddable":true,"href":"https:\/\/portaldeyoung.uy\/index.php\/wp-json\/wp\/v2\/users\/1"}],"replies":[{"embeddable":true,"href":"https:\/\/portaldeyoung.uy\/index.php\/wp-json\/wp\/v2\/comments?post=3564"}],"version-history":[{"count":3,"href":"https:\/\/portaldeyoung.uy\/index.php\/wp-json\/wp\/v2\/posts\/3564\/revisions"}],"predecessor-version":[{"id":3569,"href":"https:\/\/portaldeyoung.uy\/index.php\/wp-json\/wp\/v2\/posts\/3564\/revisions\/3569"}],"wp:featuredmedia":[{"embeddable":true,"href":"https:\/\/portaldeyoung.uy\/index.php\/wp-json\/wp\/v2\/media\/3565"}],"wp:attachment":[{"href":"https:\/\/portaldeyoung.uy\/index.php\/wp-json\/wp\/v2\/media?parent=3564"}],"wp:term":[{"taxonomy":"category","embeddable":true,"href":"https:\/\/portaldeyoung.uy\/index.php\/wp-json\/wp\/v2\/categories?post=3564"},{"taxonomy":"post_tag","embeddable":true,"href":"https:\/\/portaldeyoung.uy\/index.php\/wp-json\/wp\/v2\/tags?post=3564"}],"curies":[{"name":"wp","href":"https:\/\/api.w.org\/{rel}","templated":true}]}}