{"id":3537,"date":"2025-09-19T18:51:38","date_gmt":"2025-09-19T18:51:38","guid":{"rendered":"https:\/\/portaldeyoung.uy\/?p=3537"},"modified":"2025-09-19T18:52:10","modified_gmt":"2025-09-19T18:52:10","slug":"termino-la-historica-expedicion-al-fondo-del-mar-uruguayo-y-volvio-a-puerto-el-falkor-too","status":"publish","type":"post","link":"https:\/\/portaldeyoung.uy\/index.php\/2025\/09\/19\/termino-la-historica-expedicion-al-fondo-del-mar-uruguayo-y-volvio-a-puerto-el-falkor-too\/","title":{"rendered":"Termin\u00f3 la hist\u00f3rica expedici\u00f3n al fondo del mar uruguayo y volvi\u00f3 a puerto el Falkor (too)"},"content":{"rendered":"\n<p>Los cient\u00edficos uruguayos que participaron de la expedici\u00f3n al fondo del mar descargaron este viernes todo el material biol\u00f3gico recogido con el submarino hasta los 4.000 metros de profundidad.<\/p>\n\n\n\n<p>Tras culminar la hist\u00f3rica expedici\u00f3n al fondo del mar uruguayo, en las \u00faltimas horas lleg\u00f3 al puerto de Montevideo el buque Falkor (too), del Schmidt Ocean Institute.<\/p>\n\n\n\n<p>Este viernes de ma\u00f1ana los cient\u00edficos uruguayos que participaron de la expedici\u00f3n bajaron las numerosas muestras biol\u00f3gicas recogidas del lecho marino, a profundidades que superaron incluso los 4.000 metros.<\/p>\n\n\n\n<p>La expedici\u00f3n fue calificada de hist\u00f3rica por los cient\u00edficos uruguayos, que marcaron un antes y un despu\u00e9s en la investigaci\u00f3n y conocimiento del mar territorial de Uruguay.<\/p>\n\n\n\n<p>Las muestras de animales y especies marinas ser\u00e1n estudiadas y analizadas durante d\u00e9cadas, destacaron una y otra vez los cient\u00edficos en las transmisiones en vivo de las distintas expediciones al fondo del mar con el submarino ROV SuBastian.<\/p>\n\n\n\n<figure class=\"wp-block-image size-full\"><img loading=\"lazy\" decoding=\"async\" width=\"933\" height=\"524\" src=\"https:\/\/portaldeyoung.uy\/wp-content\/uploads\/2025\/09\/fondo-marino2.jpg\" alt=\"\" class=\"wp-image-3538\" srcset=\"https:\/\/portaldeyoung.uy\/wp-content\/uploads\/2025\/09\/fondo-marino2.jpg 933w, https:\/\/portaldeyoung.uy\/wp-content\/uploads\/2025\/09\/fondo-marino2-300x168.jpg 300w, https:\/\/portaldeyoung.uy\/wp-content\/uploads\/2025\/09\/fondo-marino2-768x431.jpg 768w\" sizes=\"auto, (max-width: 933px) 100vw, 933px\" \/><\/figure>\n\n\n\n<figure class=\"wp-block-image size-full\"><img loading=\"lazy\" decoding=\"async\" width=\"283\" height=\"178\" src=\"https:\/\/portaldeyoung.uy\/wp-content\/uploads\/2025\/09\/fondo-marino3.jpeg\" alt=\"\" class=\"wp-image-3539\"\/><\/figure>\n","protected":false},"excerpt":{"rendered":"<p>Los cient\u00edficos uruguayos que participaron de la expedici\u00f3n al fondo del mar descargaron este viernes todo el material biol\u00f3gico recogido con el submarino hasta los<\/p>\n","protected":false},"author":1,"featured_media":3540,"comment_status":"open","ping_status":"open","sticky":false,"template":"","format":"standard","meta":{"advgb_blocks_editor_width":"","advgb_blocks_columns_visual_guide":"","footnotes":"","jetpack_publicize_message":"Los cient\u00edficos uruguayos que participaron de la expedici\u00f3n al fondo del mar descargaron este viernes todo el material biol\u00f3gico recogido con ...","jetpack_publicize_feature_enabled":false,"jetpack_social_post_already_shared":false,"jetpack_social_options":{"image_generator_settings":{"template":"highway","default_image_id":0,"font":"","enabled":false},"version":2}},"categories":[7],"tags":[],"class_list":["post-3537","post","type-post","status-publish","format-standard","has-post-thumbnail","hentry","category-del-pais"],"author_meta":{"display_name":"Portal","author_link":"https:\/\/portaldeyoung.uy\/index.php\/author\/admin_port\/"},"featured_img":"https:\/\/portaldeyoung.uy\/wp-content\/uploads\/2025\/09\/expedicion-fondo-marino-300x193.png","jetpack_publicize_connections":[],"coauthors":[],"tax_additional":{"categories":{"linked":["<a href=\"https:\/\/portaldeyoung.uy\/index.php\/category\/del-pais\/\" class=\"advgb-post-tax-term\">Del pa\u00eds<\/a>"],"unlinked":["<span class=\"advgb-post-tax-term\">Del pa\u00eds<\/span>"]}},"comment_count":"0","relative_dates":{"created":"Publicado 7 meses hace","modified":"Actualizado 7 meses hace"},"absolute_dates":{"created":"Publicado el septiembre 19, 2025","modified":"Actualizado el septiembre 19, 2025"},"absolute_dates_time":{"created":"Publicado el septiembre 19, 2025 6:51 pm","modified":"Actualizado el septiembre 19, 2025 6:52 pm"},"featured_img_caption":"","series_order":"","_links":{"self":[{"href":"https:\/\/portaldeyoung.uy\/index.php\/wp-json\/wp\/v2\/posts\/3537","targetHints":{"allow":["GET"]}}],"collection":[{"href":"https:\/\/portaldeyoung.uy\/index.php\/wp-json\/wp\/v2\/posts"}],"about":[{"href":"https:\/\/portaldeyoung.uy\/index.php\/wp-json\/wp\/v2\/types\/post"}],"author":[{"embeddable":true,"href":"https:\/\/portaldeyoung.uy\/index.php\/wp-json\/wp\/v2\/users\/1"}],"replies":[{"embeddable":true,"href":"https:\/\/portaldeyoung.uy\/index.php\/wp-json\/wp\/v2\/comments?post=3537"}],"version-history":[{"count":1,"href":"https:\/\/portaldeyoung.uy\/index.php\/wp-json\/wp\/v2\/posts\/3537\/revisions"}],"predecessor-version":[{"id":3541,"href":"https:\/\/portaldeyoung.uy\/index.php\/wp-json\/wp\/v2\/posts\/3537\/revisions\/3541"}],"wp:featuredmedia":[{"embeddable":true,"href":"https:\/\/portaldeyoung.uy\/index.php\/wp-json\/wp\/v2\/media\/3540"}],"wp:attachment":[{"href":"https:\/\/portaldeyoung.uy\/index.php\/wp-json\/wp\/v2\/media?parent=3537"}],"wp:term":[{"taxonomy":"category","embeddable":true,"href":"https:\/\/portaldeyoung.uy\/index.php\/wp-json\/wp\/v2\/categories?post=3537"},{"taxonomy":"post_tag","embeddable":true,"href":"https:\/\/portaldeyoung.uy\/index.php\/wp-json\/wp\/v2\/tags?post=3537"}],"curies":[{"name":"wp","href":"https:\/\/api.w.org\/{rel}","templated":true}]}}