{"id":3534,"date":"2025-09-19T18:44:41","date_gmt":"2025-09-19T18:44:41","guid":{"rendered":"https:\/\/portaldeyoung.uy\/?p=3534"},"modified":"2025-09-19T18:46:18","modified_gmt":"2025-09-19T18:46:18","slug":"recomiendan-no-adquirir-dos-marcas-de-queso-rallado","status":"publish","type":"post","link":"https:\/\/portaldeyoung.uy\/index.php\/2025\/09\/19\/recomiendan-no-adquirir-dos-marcas-de-queso-rallado\/","title":{"rendered":"Recomiendan no adquirir dos marcas de queso rallado"},"content":{"rendered":"\n<p>Las marcas Do\u00f1a Teresita y PraderaSur \u00abno cuentan con habilitaci\u00f3n y registro bromatol\u00f3gico, ni se ha identificado su lugar de producci\u00f3n\u00bb, advierte la Intendencia de Canelones.<\/p>\n\n\n\n<p>La Intendencia de Canelones advierte que \u00abse detect\u00f3 que se est\u00e1n comercializando productos adulterados bajo la denominaci\u00f3n de \u201cqueso rallado\u201d, por parte de las marcas Do\u00f1a Teresita y PraderaSur\u00bb.<\/p>\n\n\n\n<p>\u00abEstos productos no cuentan con habilitaci\u00f3n y registro bromatol\u00f3gico, ni se ha identificado su lugar de producci\u00f3n. Por ende, est\u00e1n siendo retirados del mercado\u00bb, agrega el comunicado difundido este jueves.<\/p>\n\n\n\n<p>Luego, en calidad de integrante del Registro \u00danico Nacional de Alimentos, Empresas, y Veh\u00edculos (RUNAEV), la Intendencia se\u00f1ala que el&nbsp;RUNAEV \u00abrecomienda a la poblaci\u00f3n no adquirir ni consumir productos de estas marcas; y en caso de haberlos comprado, dirigirse al comercio proveedor para su devoluci\u00f3n\u00bb.<\/p>\n\n\n\n<p>\u00abEn aquellos casos donde estos productos son ofertados <em>online<\/em> o en ferias barriales, se recomienda verificar que cuenten con rotulaci\u00f3n legible, donde figuren al menos la Raz\u00f3n Social del elaborador, los ingredientes, y el n\u00famero de registro bromatol\u00f3gico\u00bb, agrega.<\/p>\n\n\n\n<p><em>*Foto: Pablo Vignali\/AdhocFotos<\/em><\/p>\n","protected":false},"excerpt":{"rendered":"<p>Las marcas Do\u00f1a Teresita y PraderaSur \u00abno cuentan con habilitaci\u00f3n y registro bromatol\u00f3gico, ni se ha identificado su lugar de producci\u00f3n\u00bb, advierte la Intendencia de<\/p>\n","protected":false},"author":1,"featured_media":3535,"comment_status":"open","ping_status":"open","sticky":false,"template":"","format":"standard","meta":{"advgb_blocks_editor_width":"","advgb_blocks_columns_visual_guide":"","footnotes":"","jetpack_publicize_message":"Las marcas Do\u00f1a Teresita y PraderaSur \"no cuentan con habilitaci\u00f3n y registro bromatol\u00f3gico, ni se ha identificado su lugar de","jetpack_publicize_feature_enabled":false,"jetpack_social_post_already_shared":false,"jetpack_social_options":{"image_generator_settings":{"template":"highway","default_image_id":0,"font":"","enabled":false},"version":2}},"categories":[7],"tags":[],"class_list":["post-3534","post","type-post","status-publish","format-standard","has-post-thumbnail","hentry","category-del-pais"],"author_meta":{"display_name":"Portal","author_link":"https:\/\/portaldeyoung.uy\/index.php\/author\/admin_port\/"},"featured_img":"https:\/\/portaldeyoung.uy\/wp-content\/uploads\/2025\/09\/queso-rallado-300x154.png","jetpack_publicize_connections":[],"coauthors":[],"tax_additional":{"categories":{"linked":["<a href=\"https:\/\/portaldeyoung.uy\/index.php\/category\/del-pais\/\" class=\"advgb-post-tax-term\">Del pa\u00eds<\/a>"],"unlinked":["<span class=\"advgb-post-tax-term\">Del pa\u00eds<\/span>"]}},"comment_count":"0","relative_dates":{"created":"Publicado 7 meses hace","modified":"Actualizado 7 meses hace"},"absolute_dates":{"created":"Publicado el septiembre 19, 2025","modified":"Actualizado el septiembre 19, 2025"},"absolute_dates_time":{"created":"Publicado el septiembre 19, 2025 6:44 pm","modified":"Actualizado el septiembre 19, 2025 6:46 pm"},"featured_img_caption":"","series_order":"","_links":{"self":[{"href":"https:\/\/portaldeyoung.uy\/index.php\/wp-json\/wp\/v2\/posts\/3534","targetHints":{"allow":["GET"]}}],"collection":[{"href":"https:\/\/portaldeyoung.uy\/index.php\/wp-json\/wp\/v2\/posts"}],"about":[{"href":"https:\/\/portaldeyoung.uy\/index.php\/wp-json\/wp\/v2\/types\/post"}],"author":[{"embeddable":true,"href":"https:\/\/portaldeyoung.uy\/index.php\/wp-json\/wp\/v2\/users\/1"}],"replies":[{"embeddable":true,"href":"https:\/\/portaldeyoung.uy\/index.php\/wp-json\/wp\/v2\/comments?post=3534"}],"version-history":[{"count":1,"href":"https:\/\/portaldeyoung.uy\/index.php\/wp-json\/wp\/v2\/posts\/3534\/revisions"}],"predecessor-version":[{"id":3536,"href":"https:\/\/portaldeyoung.uy\/index.php\/wp-json\/wp\/v2\/posts\/3534\/revisions\/3536"}],"wp:featuredmedia":[{"embeddable":true,"href":"https:\/\/portaldeyoung.uy\/index.php\/wp-json\/wp\/v2\/media\/3535"}],"wp:attachment":[{"href":"https:\/\/portaldeyoung.uy\/index.php\/wp-json\/wp\/v2\/media?parent=3534"}],"wp:term":[{"taxonomy":"category","embeddable":true,"href":"https:\/\/portaldeyoung.uy\/index.php\/wp-json\/wp\/v2\/categories?post=3534"},{"taxonomy":"post_tag","embeddable":true,"href":"https:\/\/portaldeyoung.uy\/index.php\/wp-json\/wp\/v2\/tags?post=3534"}],"curies":[{"name":"wp","href":"https:\/\/api.w.org\/{rel}","templated":true}]}}