{"id":3447,"date":"2025-09-16T19:56:05","date_gmt":"2025-09-16T19:56:05","guid":{"rendered":"https:\/\/portaldeyoung.uy\/?p=3447"},"modified":"2025-09-17T18:58:44","modified_gmt":"2025-09-17T18:58:44","slug":"tercer-sorteo-de-la-rifa-interescolar-sera-este-viernes","status":"publish","type":"post","link":"https:\/\/portaldeyoung.uy\/index.php\/2025\/09\/16\/tercer-sorteo-de-la-rifa-interescolar-sera-este-viernes\/","title":{"rendered":"Tercer sorteo de la Rifa Interescolar  ser\u00e1 este viernes"},"content":{"rendered":"\n<p>Este viernes 19 de septiembre, desde la hora 19:00, se llevar\u00e1 a cabo el tercer sorteo de la Rifa Interescolar de Young en la Escuela N\u00ba 34 \u201cClemente Estable\u201d. Se trata del pen\u00faltimo sorteo de esta edici\u00f3n, cuya recaudaci\u00f3n beneficia a todas las escuelas p\u00fablicas de la ciudad y al Colegio San Vicente de Paul.<\/p>\n\n\n\n<p>El primer premio consiste en una bicicleta rodado 17 y medio, un casco, una remera y una orden de \u00f3ptica por $2.000. El segundo premio incluye un purificador de agua y una orden de supermercado por $5.000, mientras que el tercer premio ser\u00e1 un lavarropas, un tender y productos de limpieza.<\/p>\n\n\n\n<p>El cuarto premio estar\u00e1 conformado por un mueble de cocina, un microondas y una orden de zapater\u00eda de $3.000. En tanto, el quinto premio ofrecer\u00e1 una estad\u00eda para dos personas en Termas de Daym\u00e1n, un spetto corrido y refrescos.<\/p>\n\n\n\n<p>El sexto premio incluye una orden de compras en agro veterinaria por $5.000 y una minimotosierra; el s\u00e9ptimo, una orden de \u00f3ptica de $300, una cartera y un acolchado de una plaza.<\/p>\n\n\n\n<p>Con esta tradicional rifa, la comunidad educativa de Young contin\u00faa sumando esfuerzos en beneficio de los centros de ense\u00f1anza locales.<\/p>\n","protected":false},"excerpt":{"rendered":"<p>Este viernes 19 de septiembre, desde la hora 19:00, se llevar\u00e1 a cabo el tercer sorteo de la Rifa Interescolar de Young en la Escuela<\/p>\n","protected":false},"author":1,"featured_media":2571,"comment_status":"open","ping_status":"open","sticky":false,"template":"","format":"standard","meta":{"advgb_blocks_editor_width":"","advgb_blocks_columns_visual_guide":"","footnotes":"","jetpack_publicize_message":"Este viernes 19 de septiembre, desde la hora 19:00, se llevar\u00e1 a cabo el tercer sorteo de la Rifa Interescolar de Young en la Escuela N\u00ba 34 \u201cClemente Estable\u201d. Se trata del pen\u00faltimo sorteo de ...","jetpack_publicize_feature_enabled":false,"jetpack_social_post_already_shared":false,"jetpack_social_options":{"image_generator_settings":{"template":"highway","default_image_id":0,"font":"","enabled":false},"version":2}},"categories":[4],"tags":[],"class_list":["post-3447","post","type-post","status-publish","format-standard","has-post-thumbnail","hentry","category-de-aca"],"author_meta":{"display_name":"Portal","author_link":"https:\/\/portaldeyoung.uy\/index.php\/author\/admin_port\/"},"featured_img":"https:\/\/portaldeyoung.uy\/wp-content\/uploads\/2025\/08\/Sorteo-interescolar-2-300x150.png","jetpack_publicize_connections":[],"coauthors":[],"tax_additional":{"categories":{"linked":["<a href=\"https:\/\/portaldeyoung.uy\/index.php\/category\/de-aca\/\" class=\"advgb-post-tax-term\">De ac\u00e1<\/a>"],"unlinked":["<span class=\"advgb-post-tax-term\">De ac\u00e1<\/span>"]}},"comment_count":"0","relative_dates":{"created":"Publicado 8 meses hace","modified":"Actualizado 7 meses hace"},"absolute_dates":{"created":"Publicado el septiembre 16, 2025","modified":"Actualizado el septiembre 17, 2025"},"absolute_dates_time":{"created":"Publicado el septiembre 16, 2025 7:56 pm","modified":"Actualizado el septiembre 17, 2025 6:58 pm"},"featured_img_caption":"","series_order":"","_links":{"self":[{"href":"https:\/\/portaldeyoung.uy\/index.php\/wp-json\/wp\/v2\/posts\/3447","targetHints":{"allow":["GET"]}}],"collection":[{"href":"https:\/\/portaldeyoung.uy\/index.php\/wp-json\/wp\/v2\/posts"}],"about":[{"href":"https:\/\/portaldeyoung.uy\/index.php\/wp-json\/wp\/v2\/types\/post"}],"author":[{"embeddable":true,"href":"https:\/\/portaldeyoung.uy\/index.php\/wp-json\/wp\/v2\/users\/1"}],"replies":[{"embeddable":true,"href":"https:\/\/portaldeyoung.uy\/index.php\/wp-json\/wp\/v2\/comments?post=3447"}],"version-history":[{"count":1,"href":"https:\/\/portaldeyoung.uy\/index.php\/wp-json\/wp\/v2\/posts\/3447\/revisions"}],"predecessor-version":[{"id":3448,"href":"https:\/\/portaldeyoung.uy\/index.php\/wp-json\/wp\/v2\/posts\/3447\/revisions\/3448"}],"wp:featuredmedia":[{"embeddable":true,"href":"https:\/\/portaldeyoung.uy\/index.php\/wp-json\/wp\/v2\/media\/2571"}],"wp:attachment":[{"href":"https:\/\/portaldeyoung.uy\/index.php\/wp-json\/wp\/v2\/media?parent=3447"}],"wp:term":[{"taxonomy":"category","embeddable":true,"href":"https:\/\/portaldeyoung.uy\/index.php\/wp-json\/wp\/v2\/categories?post=3447"},{"taxonomy":"post_tag","embeddable":true,"href":"https:\/\/portaldeyoung.uy\/index.php\/wp-json\/wp\/v2\/tags?post=3447"}],"curies":[{"name":"wp","href":"https:\/\/api.w.org\/{rel}","templated":true}]}}