{"id":3419,"date":"2025-09-16T18:10:17","date_gmt":"2025-09-16T18:10:17","guid":{"rendered":"https:\/\/portaldeyoung.uy\/?p=3419"},"modified":"2025-09-16T18:10:54","modified_gmt":"2025-09-16T18:10:54","slug":"cometio-tres-homicidios-y-lo-buscan-por-otros-tres-quien-es-el-pelon-el-mas-peligroso-requerido-por-la-policia","status":"publish","type":"post","link":"https:\/\/portaldeyoung.uy\/index.php\/2025\/09\/16\/cometio-tres-homicidios-y-lo-buscan-por-otros-tres-quien-es-el-pelon-el-mas-peligroso-requerido-por-la-policia\/","title":{"rendered":"Cometi\u00f3 tres homicidios y lo buscan por otros tres: qui\u00e9n es El Pel\u00f3n, \u00abel m\u00e1s peligroso\u00bb, requerido por la Polic\u00eda"},"content":{"rendered":"\n<p>El Pel\u00f3n es sospechoso de ser el autor de tres homicidios de la semana pasada. Y ya hab\u00eda cometido otros tres cuando era menor. Esta nota repasa su prontuario criminal.<\/p>\n\n\n\n<p>Jos\u00e9 Carlos Machado Gonz\u00e1lez, alias El Pel\u00f3n, de 32 a\u00f1os, es buscado de forma intensa por la Polic\u00eda esta semana. Cometi\u00f3 tres homicidios siendo menor, tiene anotaciones por drogas y rapi\u00f1a agravada, y un antecedente penal por incendio, delito por el que estuvo preso. Ahora est\u00e1 requerido como sospechoso de tres asesinatos cometidos la semana pasada.<\/p>\n\n\n\n<p>Las autoridades policiales lo catalogaron como un delincuente peligroso.<\/p>\n\n\n\n<p>En 2010 El Pel\u00f3n ten\u00eda 17 a\u00f1os. Estaba privado de su libertad en el INAU y entonces ya ten\u00eda en su historial dos homicidios cometidos en junio y diciembre de ese a\u00f1o, seg\u00fan los datos a los que accedi\u00f3 <em>Subrayado<\/em>.<\/p>\n\n\n\n<p>A principios de 2011 qued\u00f3 en libertad por orden judicial y a los pocos d\u00edas, a\u00fan siendo menor, cometi\u00f3 una rapi\u00f1a en un comercio en Colonia Nicolich, Canelones. Durante el atraco asesin\u00f3 al comerciante y otra vez fue privado de su libertad en INAU, esta vez por cinco a\u00f1os. Era enero de 2011 y le faltaban dos meses para cumplir la mayor\u00eda de edad.<\/p>\n\n\n\n<p>Hoy est\u00e1 requerido por tres homicidios ocurridos la semana pasada en Canelones y Maldonado. Por el crimen de un hombre de 33 a\u00f1os cometido el lunes 8 en Colonia Nicolich; por el asesinato de Tal\u00edha, una enfermera de 26 a\u00f1os que le dispararon cuando estaba dentro de un auto en un estacionamiento en Playa Verde el viernes 12 en la madrugada; y por el homicidio de un hombre de 31 a\u00f1os ocurrido en la tarde de ese mismo viernes en el barrio Estadio en Pando.<\/p>\n\n\n\n<p>En la ma\u00f1ana de este lunes uno de los dos requeridos por el homicidio de Tal\u00edha fue ubicado en Colonia Nicolich y est\u00e1 detenido. En tanto, el jefe de Polic\u00eda de Maldonado, V\u00edctor Trezza, dijo este lunes a <em>Subrayado<\/em> que falta encontrar al m\u00e1s peligroso, en referencia a El Pel\u00f3n.<\/p>\n\n\n\n<p>Es que adem\u00e1s de tener tres homicidios en su prontuario, tambi\u00e9n tiene anotaciones como menor por drogas y rapi\u00f1a especialmente agravada. Como mayor tiene un antecedente penal por incendio. Ese delito lo cometi\u00f3 en 2021 y fue enviado a la c\u00e1rcel hasta 2024, cuando sali\u00f3 en libertad.<\/p>\n","protected":false},"excerpt":{"rendered":"<p>El Pel\u00f3n es sospechoso de ser el autor de tres homicidios de la semana pasada. Y ya hab\u00eda cometido otros tres cuando era menor. Esta<\/p>\n","protected":false},"author":1,"featured_media":3420,"comment_status":"open","ping_status":"open","sticky":false,"template":"","format":"standard","meta":{"advgb_blocks_editor_width":"","advgb_blocks_columns_visual_guide":"","footnotes":"","jetpack_publicize_message":"El Pel\u00f3n es sospechoso de ser el autor de tres homicidios de la semana pasada. Y ya hab\u00eda cometido otros tres cuando era ...","jetpack_publicize_feature_enabled":false,"jetpack_social_post_already_shared":false,"jetpack_social_options":{"image_generator_settings":{"template":"highway","default_image_id":0,"font":"","enabled":false},"version":2}},"categories":[7],"tags":[],"class_list":["post-3419","post","type-post","status-publish","format-standard","has-post-thumbnail","hentry","category-del-pais"],"author_meta":{"display_name":"Portal","author_link":"https:\/\/portaldeyoung.uy\/index.php\/author\/admin_port\/"},"featured_img":"https:\/\/portaldeyoung.uy\/wp-content\/uploads\/2025\/09\/Pelon-300x190.png","jetpack_publicize_connections":[],"coauthors":[],"tax_additional":{"categories":{"linked":["<a href=\"https:\/\/portaldeyoung.uy\/index.php\/category\/del-pais\/\" class=\"advgb-post-tax-term\">Del pa\u00eds<\/a>"],"unlinked":["<span class=\"advgb-post-tax-term\">Del pa\u00eds<\/span>"]}},"comment_count":"0","relative_dates":{"created":"Publicado 8 meses hace","modified":"Actualizado 8 meses hace"},"absolute_dates":{"created":"Publicado el septiembre 16, 2025","modified":"Actualizado el septiembre 16, 2025"},"absolute_dates_time":{"created":"Publicado el septiembre 16, 2025 6:10 pm","modified":"Actualizado el septiembre 16, 2025 6:10 pm"},"featured_img_caption":"","series_order":"","_links":{"self":[{"href":"https:\/\/portaldeyoung.uy\/index.php\/wp-json\/wp\/v2\/posts\/3419","targetHints":{"allow":["GET"]}}],"collection":[{"href":"https:\/\/portaldeyoung.uy\/index.php\/wp-json\/wp\/v2\/posts"}],"about":[{"href":"https:\/\/portaldeyoung.uy\/index.php\/wp-json\/wp\/v2\/types\/post"}],"author":[{"embeddable":true,"href":"https:\/\/portaldeyoung.uy\/index.php\/wp-json\/wp\/v2\/users\/1"}],"replies":[{"embeddable":true,"href":"https:\/\/portaldeyoung.uy\/index.php\/wp-json\/wp\/v2\/comments?post=3419"}],"version-history":[{"count":1,"href":"https:\/\/portaldeyoung.uy\/index.php\/wp-json\/wp\/v2\/posts\/3419\/revisions"}],"predecessor-version":[{"id":3421,"href":"https:\/\/portaldeyoung.uy\/index.php\/wp-json\/wp\/v2\/posts\/3419\/revisions\/3421"}],"wp:featuredmedia":[{"embeddable":true,"href":"https:\/\/portaldeyoung.uy\/index.php\/wp-json\/wp\/v2\/media\/3420"}],"wp:attachment":[{"href":"https:\/\/portaldeyoung.uy\/index.php\/wp-json\/wp\/v2\/media?parent=3419"}],"wp:term":[{"taxonomy":"category","embeddable":true,"href":"https:\/\/portaldeyoung.uy\/index.php\/wp-json\/wp\/v2\/categories?post=3419"},{"taxonomy":"post_tag","embeddable":true,"href":"https:\/\/portaldeyoung.uy\/index.php\/wp-json\/wp\/v2\/tags?post=3419"}],"curies":[{"name":"wp","href":"https:\/\/api.w.org\/{rel}","templated":true}]}}