{"id":3408,"date":"2025-09-15T20:50:57","date_gmt":"2025-09-15T20:50:57","guid":{"rendered":"https:\/\/portaldeyoung.uy\/?p=3408"},"modified":"2025-09-16T19:05:14","modified_gmt":"2025-09-16T19:05:14","slug":"apertura-del-curso-sobre-compostaje-en-casa-de-la-cultura","status":"publish","type":"post","link":"https:\/\/portaldeyoung.uy\/index.php\/2025\/09\/15\/apertura-del-curso-sobre-compostaje-en-casa-de-la-cultura\/","title":{"rendered":"Apertura del curso sobre compostaje en Casa de la Cultura"},"content":{"rendered":"\n<p>Este s\u00e1bado se llev\u00f3 a cabo la apertura del Curso de Educaci\u00f3n Permanente <strong>\u201cEl compostaje, su apropiaci\u00f3n ciudadana y la importancia en la salud comunitaria\u201d<\/strong>, organizado por la Casa de la Universidad de R\u00edo Negro.<\/p>\n\n\n\n<p>La capacitaci\u00f3n, que estar\u00e1 a cargo del Ing. Agr. <strong>Jorge Firpo<\/strong> y del Prof. <strong>Rolando Calvo<\/strong>, se desarrollar\u00e1 a lo largo de <strong>ocho s\u00e1bados consecutivos<\/strong>, abordando aspectos pr\u00e1cticos y te\u00f3ricos sobre la gesti\u00f3n de residuos org\u00e1nicos y su impacto en la salud y el ambiente.<\/p>\n\n\n\n<p>Durante la apertura, la alcaldesa local <strong>Cecilia Rodr\u00edguez<\/strong> resalt\u00f3 la importancia de estas instancias formativas, subrayando que este tipo de capacitaciones <strong>actualizan a los vecinos en un tema de gran sensibilidad que hoy se debate a nivel mundial: el cuidado del ambiente y la gesti\u00f3n responsable de los residuos<\/strong>.<\/p>\n\n\n\n<p><\/p>\n\n\n\n<p><em>*Fuente Redes Municipio de Young<\/em><\/p>\n","protected":false},"excerpt":{"rendered":"<p>Este s\u00e1bado se llev\u00f3 a cabo la apertura del Curso de Educaci\u00f3n Permanente \u201cEl compostaje, su apropiaci\u00f3n ciudadana y la importancia en la salud comunitaria\u201d,<\/p>\n","protected":false},"author":1,"featured_media":3409,"comment_status":"open","ping_status":"open","sticky":false,"template":"","format":"standard","meta":{"advgb_blocks_editor_width":"","advgb_blocks_columns_visual_guide":"","footnotes":"","jetpack_publicize_message":"Este s\u00e1bado se llev\u00f3 a cabo la apertura del Curso de Educaci\u00f3n Permanente \u201cEl compostaje, su apropiaci\u00f3n ciudadana y ...","jetpack_publicize_feature_enabled":false,"jetpack_social_post_already_shared":false,"jetpack_social_options":{"image_generator_settings":{"template":"highway","default_image_id":0,"font":"","enabled":false},"version":2}},"categories":[4],"tags":[],"class_list":["post-3408","post","type-post","status-publish","format-standard","has-post-thumbnail","hentry","category-de-aca"],"author_meta":{"display_name":"Portal","author_link":"https:\/\/portaldeyoung.uy\/index.php\/author\/admin_port\/"},"featured_img":"https:\/\/portaldeyoung.uy\/wp-content\/uploads\/2025\/09\/compostaje-300x189.jpg","jetpack_publicize_connections":[],"coauthors":[],"tax_additional":{"categories":{"linked":["<a href=\"https:\/\/portaldeyoung.uy\/index.php\/category\/de-aca\/\" class=\"advgb-post-tax-term\">De ac\u00e1<\/a>"],"unlinked":["<span class=\"advgb-post-tax-term\">De ac\u00e1<\/span>"]}},"comment_count":"0","relative_dates":{"created":"Publicado 8 meses hace","modified":"Actualizado 8 meses hace"},"absolute_dates":{"created":"Publicado el septiembre 15, 2025","modified":"Actualizado el septiembre 16, 2025"},"absolute_dates_time":{"created":"Publicado el septiembre 15, 2025 8:50 pm","modified":"Actualizado el septiembre 16, 2025 7:05 pm"},"featured_img_caption":"","series_order":"","_links":{"self":[{"href":"https:\/\/portaldeyoung.uy\/index.php\/wp-json\/wp\/v2\/posts\/3408","targetHints":{"allow":["GET"]}}],"collection":[{"href":"https:\/\/portaldeyoung.uy\/index.php\/wp-json\/wp\/v2\/posts"}],"about":[{"href":"https:\/\/portaldeyoung.uy\/index.php\/wp-json\/wp\/v2\/types\/post"}],"author":[{"embeddable":true,"href":"https:\/\/portaldeyoung.uy\/index.php\/wp-json\/wp\/v2\/users\/1"}],"replies":[{"embeddable":true,"href":"https:\/\/portaldeyoung.uy\/index.php\/wp-json\/wp\/v2\/comments?post=3408"}],"version-history":[{"count":1,"href":"https:\/\/portaldeyoung.uy\/index.php\/wp-json\/wp\/v2\/posts\/3408\/revisions"}],"predecessor-version":[{"id":3410,"href":"https:\/\/portaldeyoung.uy\/index.php\/wp-json\/wp\/v2\/posts\/3408\/revisions\/3410"}],"wp:featuredmedia":[{"embeddable":true,"href":"https:\/\/portaldeyoung.uy\/index.php\/wp-json\/wp\/v2\/media\/3409"}],"wp:attachment":[{"href":"https:\/\/portaldeyoung.uy\/index.php\/wp-json\/wp\/v2\/media?parent=3408"}],"wp:term":[{"taxonomy":"category","embeddable":true,"href":"https:\/\/portaldeyoung.uy\/index.php\/wp-json\/wp\/v2\/categories?post=3408"},{"taxonomy":"post_tag","embeddable":true,"href":"https:\/\/portaldeyoung.uy\/index.php\/wp-json\/wp\/v2\/tags?post=3408"}],"curies":[{"name":"wp","href":"https:\/\/api.w.org\/{rel}","templated":true}]}}