{"id":3406,"date":"2025-09-15T20:40:26","date_gmt":"2025-09-15T20:40:26","guid":{"rendered":"https:\/\/portaldeyoung.uy\/?p=3406"},"modified":"2025-09-16T19:05:21","modified_gmt":"2025-09-16T19:05:21","slug":"formalizacion-y-condena-por-hurto-en-nuestra-ciudad","status":"publish","type":"post","link":"https:\/\/portaldeyoung.uy\/index.php\/2025\/09\/15\/formalizacion-y-condena-por-hurto-en-nuestra-ciudad\/","title":{"rendered":"Formalizaci\u00f3n y condena por hurto en nuestra ciudad"},"content":{"rendered":"\n<p>El Juzgado Letrado de Segundo Turno de Young comunic\u00f3 la <strong>formalizaci\u00f3n y condena de J.M.G.M.<\/strong> como autor penalmente responsable de un delito de <strong>hurto especialmente agravado<\/strong>, imponi\u00e9ndole una pena de <strong>doce meses de prisi\u00f3n<\/strong> a cumplir bajo el r\u00e9gimen de <strong>libertad a prueba<\/strong>.<\/p>\n\n\n\n<p>Entre las condiciones establecidas por la Justicia figuran: residir en un lugar determinado donde sea posible la supervisi\u00f3n de la DINAMA, permanecer bajo orientaci\u00f3n y vigilancia de dicha oficina, presentarse <strong>una vez por semana en la seccional policial<\/strong> correspondiente a su domicilio, cumplir con <strong>trabajos comunitarios<\/strong>, y la <strong>prohibici\u00f3n de acercamiento al centro m\u00e9dico CAMY en un radio de 100 metros<\/strong>.<\/p>\n\n\n\n<p>Las actuaciones se vinculan a un hecho ocurrido el <strong>26 de agosto del presente a\u00f1o<\/strong>, cuando se hurt\u00f3 el motor de un aire acondicionado en un predio en construcci\u00f3n en la ciudad de Young. Cabe recordar que por este mismo il\u00edcito ya hab\u00eda sido condenada otra persona en calidad de <strong>c\u00f3mplice<\/strong>.<\/p>\n\n\n\n<h2 class=\"wp-block-heading\">Hurto de bicicleta<\/h2>\n\n\n\n<p>La informaci\u00f3n suministrada por la Jefatura de Polic\u00eda departamental da cuenta que, \u00ab&#8230;Se presenta en seccional sexta un vecino radicando denuncia de hurto, en la que manifest\u00f3 que el pasado d\u00eda viernes pr\u00f3ximo en horas de la tardecita concurri\u00f3 a trabajar en direcci\u00f3n 18 de Julio esquina Joaqu\u00edn Su\u00e1rez, y al salir not\u00f3 la faltante de su bicicleta, la cual se encontraba en las afueras de local de los artesanos, sin seguridad alguna. Avaluando en la suma de $25.000 (veinticinco mil pesos<br>uruguayos).<br>Continuando con las actuaciones, por personal de investigaciones en recorrido preventivo por la ciudad, por calles 18 de Julio y Oribe, es visualizada una persona en bicicleta con caracter\u00edsticas similares a la denunciada, siendo identificado un hombre mayor de edad de iniciales C.J.R.S., procedi\u00e9ndose a la recuperaci\u00f3n del birrodado y detenci\u00f3n del hombre, quien es conducido hasta dependencia policial para continuar tr\u00e1mites. El denunciante reconoce como de su propiedad dicho<br>birrodado.<br>Enterada sede de Fiscal\u00eda dispuso: \u201cque C.J.R.S. sea emplazado con abogado a Fiscal\u00eda Letrada de Young. Se ampliar\u00e1&#8230;\u00bb<\/p>\n","protected":false},"excerpt":{"rendered":"<p>El Juzgado Letrado de Segundo Turno de Young comunic\u00f3 la formalizaci\u00f3n y condena de J.M.G.M. como autor penalmente responsable de un delito de hurto especialmente<\/p>\n","protected":false},"author":1,"featured_media":2836,"comment_status":"open","ping_status":"open","sticky":false,"template":"","format":"standard","meta":{"advgb_blocks_editor_width":"","advgb_blocks_columns_visual_guide":"","footnotes":"","jetpack_publicize_message":"El Juzgado Letrado de Segundo Turno de Young comunic\u00f3 la formalizaci\u00f3n y condena de J.M.G.M. como autor penalmente responsable de ...","jetpack_publicize_feature_enabled":false,"jetpack_social_post_already_shared":false,"jetpack_social_options":{"image_generator_settings":{"template":"highway","default_image_id":0,"font":"","enabled":false},"version":2}},"categories":[4],"tags":[],"class_list":["post-3406","post","type-post","status-publish","format-standard","has-post-thumbnail","hentry","category-de-aca"],"author_meta":{"display_name":"Portal","author_link":"https:\/\/portaldeyoung.uy\/index.php\/author\/admin_port\/"},"featured_img":"https:\/\/portaldeyoung.uy\/wp-content\/uploads\/2025\/08\/Seccional-Sexta-Young-300x150.png","jetpack_publicize_connections":[],"coauthors":[],"tax_additional":{"categories":{"linked":["<a href=\"https:\/\/portaldeyoung.uy\/index.php\/category\/de-aca\/\" class=\"advgb-post-tax-term\">De ac\u00e1<\/a>"],"unlinked":["<span class=\"advgb-post-tax-term\">De ac\u00e1<\/span>"]}},"comment_count":"0","relative_dates":{"created":"Publicado 8 meses hace","modified":"Actualizado 8 meses hace"},"absolute_dates":{"created":"Publicado el septiembre 15, 2025","modified":"Actualizado el septiembre 16, 2025"},"absolute_dates_time":{"created":"Publicado el septiembre 15, 2025 8:40 pm","modified":"Actualizado el septiembre 16, 2025 7:05 pm"},"featured_img_caption":"","series_order":"","_links":{"self":[{"href":"https:\/\/portaldeyoung.uy\/index.php\/wp-json\/wp\/v2\/posts\/3406","targetHints":{"allow":["GET"]}}],"collection":[{"href":"https:\/\/portaldeyoung.uy\/index.php\/wp-json\/wp\/v2\/posts"}],"about":[{"href":"https:\/\/portaldeyoung.uy\/index.php\/wp-json\/wp\/v2\/types\/post"}],"author":[{"embeddable":true,"href":"https:\/\/portaldeyoung.uy\/index.php\/wp-json\/wp\/v2\/users\/1"}],"replies":[{"embeddable":true,"href":"https:\/\/portaldeyoung.uy\/index.php\/wp-json\/wp\/v2\/comments?post=3406"}],"version-history":[{"count":1,"href":"https:\/\/portaldeyoung.uy\/index.php\/wp-json\/wp\/v2\/posts\/3406\/revisions"}],"predecessor-version":[{"id":3407,"href":"https:\/\/portaldeyoung.uy\/index.php\/wp-json\/wp\/v2\/posts\/3406\/revisions\/3407"}],"wp:featuredmedia":[{"embeddable":true,"href":"https:\/\/portaldeyoung.uy\/index.php\/wp-json\/wp\/v2\/media\/2836"}],"wp:attachment":[{"href":"https:\/\/portaldeyoung.uy\/index.php\/wp-json\/wp\/v2\/media?parent=3406"}],"wp:term":[{"taxonomy":"category","embeddable":true,"href":"https:\/\/portaldeyoung.uy\/index.php\/wp-json\/wp\/v2\/categories?post=3406"},{"taxonomy":"post_tag","embeddable":true,"href":"https:\/\/portaldeyoung.uy\/index.php\/wp-json\/wp\/v2\/tags?post=3406"}],"curies":[{"name":"wp","href":"https:\/\/api.w.org\/{rel}","templated":true}]}}