{"id":3350,"date":"2025-09-12T11:52:43","date_gmt":"2025-09-12T11:52:43","guid":{"rendered":"https:\/\/portaldeyoung.uy\/?p=3350"},"modified":"2025-09-15T20:16:35","modified_gmt":"2025-09-15T20:16:35","slug":"importantes-reformas-en-club-social-y-deportivo-de-young","status":"publish","type":"post","link":"https:\/\/portaldeyoung.uy\/index.php\/2025\/09\/12\/importantes-reformas-en-club-social-y-deportivo-de-young\/","title":{"rendered":"Importantes reformas en Club Social y Deportivo de Young"},"content":{"rendered":"\n<p>En entrevista con <strong>Gustavo Meyer<\/strong>, directivo del <strong>Club Social y Deportivo de Young<\/strong>, se inform\u00f3 sobre una serie de cambios y proyectos que buscan modernizar la hist\u00f3rica instituci\u00f3n.<\/p>\n\n\n\n<p>Meyer explic\u00f3 que los concesionarios de la cantina del club, por razones personales, dejaron de desarrollar su labor. Ante esta situaci\u00f3n, la <strong>Comisi\u00f3n Directiva<\/strong> abri\u00f3 un <strong>llamado a licitaci\u00f3n<\/strong> al que se presentaron cinco propuestas, todas entregadas en sobres cerrados conforme a las bases establecidas.<\/p>\n\n\n\n<p>Finalmente, los nuevos concesionarios elegidos presentaron un <strong>proyecto de reconstrucci\u00f3n de la confiter\u00eda y restaurante<\/strong>, con una propuesta edilicia que, seg\u00fan destac\u00f3 Meyer, \u201c<strong>le cambiar\u00e1 la cara al Club Social<\/strong>\u201d.<\/p>\n\n\n\n<p>En paralelo, la directiva trabaja en la <strong>construcci\u00f3n de un nuevo sal\u00f3n<\/strong> en el predio donde antiguamente funcionaba la cancha de bochas, con ingreso por la calle <strong>19 de Abril<\/strong>. Para ello se solicit\u00f3 al <strong>Municipio de Young<\/strong> la colaboraci\u00f3n con mano de obra, a cambio de que la comuna pueda utilizar el espacio para el desarrollo de <strong>talleres y actividades de diversa \u00edndole<\/strong>.<\/p>\n\n\n\n<p>Adem\u00e1s, la <strong>secretar\u00eda del club<\/strong> pasar\u00e1 a funcionar en la sede de calle 19 de Abril, y el <strong>ingreso al gimnasio<\/strong>, que actualmente alberga varias disciplinas deportivas, tambi\u00e9n ser\u00e1 por esa direcci\u00f3n.<\/p>\n\n\n\n<p>Nota <strong>AUDIO<\/strong>:<\/p>\n\n\n\n<figure class=\"wp-block-audio\"><audio controls src=\"https:\/\/portaldeyoung.uy\/wp-content\/uploads\/2025\/09\/Meyer-00.mp3\"><\/audio><\/figure>\n\n\n\n<p><em>*Foto Rafael Pepe<\/em><\/p>\n","protected":false},"excerpt":{"rendered":"<p>En entrevista con Gustavo Meyer, directivo del Club Social y Deportivo de Young, se inform\u00f3 sobre una serie de cambios y proyectos que buscan modernizar<\/p>\n","protected":false},"author":1,"featured_media":3351,"comment_status":"open","ping_status":"open","sticky":false,"template":"","format":"standard","meta":{"advgb_blocks_editor_width":"","advgb_blocks_columns_visual_guide":"","footnotes":"","jetpack_publicize_message":"Se inform\u00f3 sobre una serie de cambios y proyectos que buscan modernizar la hist\u00f3rica instituci\u00f3n ...","jetpack_publicize_feature_enabled":false,"jetpack_social_post_already_shared":false,"jetpack_social_options":{"image_generator_settings":{"template":"highway","default_image_id":0,"font":"","enabled":false},"version":2}},"categories":[4],"tags":[],"class_list":["post-3350","post","type-post","status-publish","format-standard","has-post-thumbnail","hentry","category-de-aca"],"author_meta":{"display_name":"Portal","author_link":"https:\/\/portaldeyoung.uy\/index.php\/author\/admin_port\/"},"featured_img":"https:\/\/portaldeyoung.uy\/wp-content\/uploads\/2025\/09\/Club-Social-Remodelacion-300x150.png","jetpack_publicize_connections":[],"coauthors":[],"tax_additional":{"categories":{"linked":["<a href=\"https:\/\/portaldeyoung.uy\/index.php\/category\/de-aca\/\" class=\"advgb-post-tax-term\">De ac\u00e1<\/a>"],"unlinked":["<span class=\"advgb-post-tax-term\">De ac\u00e1<\/span>"]}},"comment_count":"0","relative_dates":{"created":"Publicado 8 meses hace","modified":"Actualizado 8 meses hace"},"absolute_dates":{"created":"Publicado el septiembre 12, 2025","modified":"Actualizado el septiembre 15, 2025"},"absolute_dates_time":{"created":"Publicado el septiembre 12, 2025 11:52 am","modified":"Actualizado el septiembre 15, 2025 8:16 pm"},"featured_img_caption":"","series_order":"","_links":{"self":[{"href":"https:\/\/portaldeyoung.uy\/index.php\/wp-json\/wp\/v2\/posts\/3350","targetHints":{"allow":["GET"]}}],"collection":[{"href":"https:\/\/portaldeyoung.uy\/index.php\/wp-json\/wp\/v2\/posts"}],"about":[{"href":"https:\/\/portaldeyoung.uy\/index.php\/wp-json\/wp\/v2\/types\/post"}],"author":[{"embeddable":true,"href":"https:\/\/portaldeyoung.uy\/index.php\/wp-json\/wp\/v2\/users\/1"}],"replies":[{"embeddable":true,"href":"https:\/\/portaldeyoung.uy\/index.php\/wp-json\/wp\/v2\/comments?post=3350"}],"version-history":[{"count":2,"href":"https:\/\/portaldeyoung.uy\/index.php\/wp-json\/wp\/v2\/posts\/3350\/revisions"}],"predecessor-version":[{"id":3355,"href":"https:\/\/portaldeyoung.uy\/index.php\/wp-json\/wp\/v2\/posts\/3350\/revisions\/3355"}],"wp:featuredmedia":[{"embeddable":true,"href":"https:\/\/portaldeyoung.uy\/index.php\/wp-json\/wp\/v2\/media\/3351"}],"wp:attachment":[{"href":"https:\/\/portaldeyoung.uy\/index.php\/wp-json\/wp\/v2\/media?parent=3350"}],"wp:term":[{"taxonomy":"category","embeddable":true,"href":"https:\/\/portaldeyoung.uy\/index.php\/wp-json\/wp\/v2\/categories?post=3350"},{"taxonomy":"post_tag","embeddable":true,"href":"https:\/\/portaldeyoung.uy\/index.php\/wp-json\/wp\/v2\/tags?post=3350"}],"curies":[{"name":"wp","href":"https:\/\/api.w.org\/{rel}","templated":true}]}}