{"id":3346,"date":"2025-09-12T11:38:39","date_gmt":"2025-09-12T11:38:39","guid":{"rendered":"https:\/\/portaldeyoung.uy\/?p=3346"},"modified":"2025-09-15T20:16:26","modified_gmt":"2025-09-15T20:16:26","slug":"actividad-comunitaria-en-el-marco-de-la-semana-del-corazon-en-plaza-sardo","status":"publish","type":"post","link":"https:\/\/portaldeyoung.uy\/index.php\/2025\/09\/12\/actividad-comunitaria-en-el-marco-de-la-semana-del-corazon-en-plaza-sardo\/","title":{"rendered":"Actividad comunitaria en el marco de la Semana del Coraz\u00f3n en Plaza Sardo"},"content":{"rendered":"\n<p>En di\u00e1logo con la profesora <strong>Ana L\u00e1zaro<\/strong>, se inform\u00f3 que el pr\u00f3ximo <strong>viernes 26 de setiembre<\/strong> se llevar\u00e1 a cabo una actividad abierta a la comunidad en el marco de la <strong>Semana del Coraz\u00f3n<\/strong>, en la <strong>Plaza Sardo<\/strong> de nuestra ciudad.<\/p>\n\n\n\n<p>La propuesta es organizada por docentes del <strong>Liceo N.\u00ba 1<\/strong> y la <strong>Escuela T\u00e9cnica de Young<\/strong>, con el apoyo del <strong>Municipio de Young<\/strong> y la coordinaci\u00f3n de las autoridades del <strong>Hospital local<\/strong>. La jornada incluir\u00e1 <strong>stands informativos<\/strong>, <strong>tomas de presi\u00f3n arterial<\/strong>, control de <strong>\u00edndice de masa corporal<\/strong> y diversas acciones de promoci\u00f3n de h\u00e1bitos saludables, con el objetivo de <strong>concientizar sobre la prevenci\u00f3n de enfermedades cardiovasculares<\/strong>.<\/p>\n\n\n\n<p>Participar\u00e1n los estudiantes del <strong>Bachillerato de Gastronom\u00eda<\/strong>, quienes difundir\u00e1n propuestas de <strong>dietas saludables<\/strong>, y alumnos del <strong>tercero de Bachillerato de Deportes de UTU<\/strong>, que brindar\u00e1n actividades f\u00edsicas y sesiones de <strong>zumba<\/strong> abiertas a los vecinos.<\/p>\n\n\n\n<p>Los docentes responsanbles de la actividad son Matias Costa.Sandra Ferreira, Ver\u00f3nica Rosales, Lorena Colazzo, Victoria Garc\u00eda, Carolina Castillo y nuestra entrevistada Ana L\u00e1zaro.<\/p>\n\n\n\n<p>En la oportunidad, la profesora L\u00e1zaro tambi\u00e9n se refiri\u00f3 al desarrollo del <strong>Bachillerato de Salud en UTU<\/strong>, donde cumple funciones como docente. Explic\u00f3 que esta opci\u00f3n educativa permite a los j\u00f3venes continuar luego estudios terciarios, tales como <strong>Enfermer\u00eda<\/strong>, <strong>Licenciatura en Enfermer\u00eda<\/strong>, carreras en la <strong>UTEC<\/strong> e incluso en la <strong>UDELAR<\/strong>, que recientemente incorpor\u00f3 la carrera completa de <strong>Medicina<\/strong> en la ciudad de <strong>Paysand\u00fa<\/strong>.<\/p>\n\n\n\n<p>Actualmente, el Bachillerato de Salud en Young cuenta con <strong>tres grupos activos<\/strong>: dos de primer a\u00f1o y uno de segundo, con m\u00e1s de <strong>20 estudiantes en cada clase<\/strong>, lo que confirma el inter\u00e9s creciente de los j\u00f3venes en esta formaci\u00f3n orientada a la salud.<\/p>\n\n\n\n<p>Nota <strong>AUDIO:<\/strong><\/p>\n\n\n\n<figure class=\"wp-block-audio\"><audio controls src=\"https:\/\/portaldeyoung.uy\/wp-content\/uploads\/2025\/09\/Lazaro-00.mp3\"><\/audio><\/figure>\n","protected":false},"excerpt":{"rendered":"<p>En di\u00e1logo con la profesora Ana L\u00e1zaro, se inform\u00f3 que el pr\u00f3ximo viernes 26 de setiembre se llevar\u00e1 a cabo una actividad abierta a la<\/p>\n","protected":false},"author":1,"featured_media":3347,"comment_status":"open","ping_status":"open","sticky":false,"template":"","format":"standard","meta":{"advgb_blocks_editor_width":"","advgb_blocks_columns_visual_guide":"","footnotes":"","jetpack_publicize_message":"En di\u00e1logo con la profesora Ana L\u00e1zaro, se inform\u00f3 que el pr\u00f3ximo viernes 26 de setiembre se llevar\u00e1 a cabo una ...","jetpack_publicize_feature_enabled":false,"jetpack_social_post_already_shared":false,"jetpack_social_options":{"image_generator_settings":{"template":"highway","default_image_id":0,"font":"","enabled":false},"version":2}},"categories":[4],"tags":[],"class_list":["post-3346","post","type-post","status-publish","format-standard","has-post-thumbnail","hentry","category-de-aca"],"author_meta":{"display_name":"Portal","author_link":"https:\/\/portaldeyoung.uy\/index.php\/author\/admin_port\/"},"featured_img":"https:\/\/portaldeyoung.uy\/wp-content\/uploads\/2025\/09\/semana-del-corazon-300x169.jpg","jetpack_publicize_connections":[],"coauthors":[],"tax_additional":{"categories":{"linked":["<a href=\"https:\/\/portaldeyoung.uy\/index.php\/category\/de-aca\/\" class=\"advgb-post-tax-term\">De ac\u00e1<\/a>"],"unlinked":["<span class=\"advgb-post-tax-term\">De ac\u00e1<\/span>"]}},"comment_count":"0","relative_dates":{"created":"Publicado 8 meses hace","modified":"Actualizado 8 meses hace"},"absolute_dates":{"created":"Publicado el septiembre 12, 2025","modified":"Actualizado el septiembre 15, 2025"},"absolute_dates_time":{"created":"Publicado el septiembre 12, 2025 11:38 am","modified":"Actualizado el septiembre 15, 2025 8:16 pm"},"featured_img_caption":"","series_order":"","_links":{"self":[{"href":"https:\/\/portaldeyoung.uy\/index.php\/wp-json\/wp\/v2\/posts\/3346","targetHints":{"allow":["GET"]}}],"collection":[{"href":"https:\/\/portaldeyoung.uy\/index.php\/wp-json\/wp\/v2\/posts"}],"about":[{"href":"https:\/\/portaldeyoung.uy\/index.php\/wp-json\/wp\/v2\/types\/post"}],"author":[{"embeddable":true,"href":"https:\/\/portaldeyoung.uy\/index.php\/wp-json\/wp\/v2\/users\/1"}],"replies":[{"embeddable":true,"href":"https:\/\/portaldeyoung.uy\/index.php\/wp-json\/wp\/v2\/comments?post=3346"}],"version-history":[{"count":3,"href":"https:\/\/portaldeyoung.uy\/index.php\/wp-json\/wp\/v2\/posts\/3346\/revisions"}],"predecessor-version":[{"id":3362,"href":"https:\/\/portaldeyoung.uy\/index.php\/wp-json\/wp\/v2\/posts\/3346\/revisions\/3362"}],"wp:featuredmedia":[{"embeddable":true,"href":"https:\/\/portaldeyoung.uy\/index.php\/wp-json\/wp\/v2\/media\/3347"}],"wp:attachment":[{"href":"https:\/\/portaldeyoung.uy\/index.php\/wp-json\/wp\/v2\/media?parent=3346"}],"wp:term":[{"taxonomy":"category","embeddable":true,"href":"https:\/\/portaldeyoung.uy\/index.php\/wp-json\/wp\/v2\/categories?post=3346"},{"taxonomy":"post_tag","embeddable":true,"href":"https:\/\/portaldeyoung.uy\/index.php\/wp-json\/wp\/v2\/tags?post=3346"}],"curies":[{"name":"wp","href":"https:\/\/api.w.org\/{rel}","templated":true}]}}