{"id":3335,"date":"2025-09-12T10:43:31","date_gmt":"2025-09-12T10:43:31","guid":{"rendered":"https:\/\/portaldeyoung.uy\/?p=3335"},"modified":"2025-09-12T10:44:10","modified_gmt":"2025-09-12T10:44:10","slug":"jorge-vampi-da-costa-anuncio-su-retiro-del-running","status":"publish","type":"post","link":"https:\/\/portaldeyoung.uy\/index.php\/2025\/09\/12\/jorge-vampi-da-costa-anuncio-su-retiro-del-running\/","title":{"rendered":"Jorge \u201cVampi\u201d Da Costa anunci\u00f3 su retiro del running"},"content":{"rendered":"\n<p>El reconocido atleta de nuestra ciudad, Jorge \u201cVampi\u201d Da Costa, anunci\u00f3 oficialmente su retiro del deporte del running, disciplina a la que dedic\u00f3 m\u00e1s de tres d\u00e9cadas de su vida.<\/p>\n\n\n\n<p>A trav\u00e9s de un mensaje dirigido a amigos, compa\u00f1eros y profesores, Da Costa expres\u00f3: <em>\u201cQueridos amigos, compa\u00f1eros y profesores, ha llegado el momento de dejar el deporte que tanto amo. Esta despedida la siento en lo profundo de mis emociones, pero como sucede en cada etapa de la vida, hoy me toca dar un paso al costado, y aquello que viv\u00ed tan intr\u00ednseco en m\u00ed, hoy tendr\u00e9 que desprenderlo\u201d<\/em>.<\/p>\n\n\n\n<p>El atleta se\u00f1al\u00f3 que su decisi\u00f3n est\u00e1 motivada por razones de salud que le impiden continuar recorriendo pistas, calles y caminos, como lo hizo durante 37 a\u00f1os, en jornadas soleadas, ventosas o lluviosas, solo o junto a muchos cultores del pedestrismo.<\/p>\n\n\n\n<p>Con gran emoci\u00f3n, agreg\u00f3: <em>\u201cLos voy a extra\u00f1ar, pero seguir\u00e9 pendiente de compa\u00f1eros y amigos, y desde mi lugar apoyando y alentando por el deporte que nos brinda superaci\u00f3n personal y desaf\u00edos permanentes\u201d<\/em>.<\/p>\n\n\n\n<p>Finalmente, Da Costa expres\u00f3 su gratitud a todos quienes lo acompa\u00f1aron durante su extensa trayectoria: <em>\u201cA quienes en estos 37 a\u00f1os me alentaron y me apoyaron siempre, sin nombrar a nadie, mi agradecimiento y reconocimiento\u201d<\/em>.<\/p>\n\n\n\n<p>Con este anuncio, Jorge \u201cVampi\u201d Da Costa cierra una etapa marcada por la pasi\u00f3n, la constancia y el amor al atletismo.<\/p>\n","protected":false},"excerpt":{"rendered":"<p>El reconocido atleta de nuestra ciudad, Jorge \u201cVampi\u201d Da Costa, anunci\u00f3 oficialmente su retiro del deporte del running, disciplina a la que dedic\u00f3 m\u00e1s de<\/p>\n","protected":false},"author":1,"featured_media":3336,"comment_status":"open","ping_status":"open","sticky":false,"template":"","format":"standard","meta":{"advgb_blocks_editor_width":"","advgb_blocks_columns_visual_guide":"","footnotes":"","jetpack_publicize_message":"El reconocido atleta de nuestra ciudad, Jorge \u201cVampi\u201d Da Costa, anunci\u00f3 oficialmente su retiro del deporte del running, disciplina a la que ...","jetpack_publicize_feature_enabled":false,"jetpack_social_post_already_shared":false,"jetpack_social_options":{"image_generator_settings":{"template":"highway","default_image_id":0,"font":"","enabled":false},"version":2}},"categories":[5],"tags":[],"class_list":["post-3335","post","type-post","status-publish","format-standard","has-post-thumbnail","hentry","category-de-la-tribuna"],"author_meta":{"display_name":"Portal","author_link":"https:\/\/portaldeyoung.uy\/index.php\/author\/admin_port\/"},"featured_img":"https:\/\/portaldeyoung.uy\/wp-content\/uploads\/2025\/09\/Da-Costa-300x175.jpg","jetpack_publicize_connections":[],"coauthors":[],"tax_additional":{"categories":{"linked":["<a href=\"https:\/\/portaldeyoung.uy\/index.php\/category\/de-la-tribuna\/\" class=\"advgb-post-tax-term\">De la tribuna<\/a>"],"unlinked":["<span class=\"advgb-post-tax-term\">De la tribuna<\/span>"]}},"comment_count":"0","relative_dates":{"created":"Publicado 8 meses hace","modified":"Actualizado 8 meses hace"},"absolute_dates":{"created":"Publicado el septiembre 12, 2025","modified":"Actualizado el septiembre 12, 2025"},"absolute_dates_time":{"created":"Publicado el septiembre 12, 2025 10:43 am","modified":"Actualizado el septiembre 12, 2025 10:44 am"},"featured_img_caption":"","series_order":"","_links":{"self":[{"href":"https:\/\/portaldeyoung.uy\/index.php\/wp-json\/wp\/v2\/posts\/3335","targetHints":{"allow":["GET"]}}],"collection":[{"href":"https:\/\/portaldeyoung.uy\/index.php\/wp-json\/wp\/v2\/posts"}],"about":[{"href":"https:\/\/portaldeyoung.uy\/index.php\/wp-json\/wp\/v2\/types\/post"}],"author":[{"embeddable":true,"href":"https:\/\/portaldeyoung.uy\/index.php\/wp-json\/wp\/v2\/users\/1"}],"replies":[{"embeddable":true,"href":"https:\/\/portaldeyoung.uy\/index.php\/wp-json\/wp\/v2\/comments?post=3335"}],"version-history":[{"count":1,"href":"https:\/\/portaldeyoung.uy\/index.php\/wp-json\/wp\/v2\/posts\/3335\/revisions"}],"predecessor-version":[{"id":3337,"href":"https:\/\/portaldeyoung.uy\/index.php\/wp-json\/wp\/v2\/posts\/3335\/revisions\/3337"}],"wp:featuredmedia":[{"embeddable":true,"href":"https:\/\/portaldeyoung.uy\/index.php\/wp-json\/wp\/v2\/media\/3336"}],"wp:attachment":[{"href":"https:\/\/portaldeyoung.uy\/index.php\/wp-json\/wp\/v2\/media?parent=3335"}],"wp:term":[{"taxonomy":"category","embeddable":true,"href":"https:\/\/portaldeyoung.uy\/index.php\/wp-json\/wp\/v2\/categories?post=3335"},{"taxonomy":"post_tag","embeddable":true,"href":"https:\/\/portaldeyoung.uy\/index.php\/wp-json\/wp\/v2\/tags?post=3335"}],"curies":[{"name":"wp","href":"https:\/\/api.w.org\/{rel}","templated":true}]}}