{"id":332,"date":"2025-06-11T10:04:46","date_gmt":"2025-06-11T10:04:46","guid":{"rendered":"https:\/\/portaldeyoung.uy\/?p=332"},"modified":"2025-06-11T21:32:14","modified_gmt":"2025-06-11T21:32:14","slug":"presentacion-del-libro-wilson-ferreira-testimonio-de-un-regreso-en-la-casa-de-cultura","status":"publish","type":"post","link":"https:\/\/portaldeyoung.uy\/index.php\/2025\/06\/11\/presentacion-del-libro-wilson-ferreira-testimonio-de-un-regreso-en-la-casa-de-cultura\/","title":{"rendered":"Presentaci\u00f3n del Libro \u00abWilson Ferreira, Testimonio de un Regreso\u00bb en  Casa de Cultura"},"content":{"rendered":"\n<p>El pr\u00f3ximo lunes 16 de junio, a partir de las 19:00 horas, se llevar\u00e1 a cabo en la Casa de Cultura de Young la presentaci\u00f3n del libro \u00abWilson Ferreira, Testimonio de un Regreso\u00bb. El evento contar\u00e1 con la participaci\u00f3n del autor Ra\u00fal Vallarino y del Senador Carlos Camy.<\/p>\n\n\n\n<p>El libro relata el retorno del caudillo nacionalista Wilson Ferreira despu\u00e9s de un prolongado y combativo exilio, que culmin\u00f3 con su encarcelamiento despu\u00e9s del regreso junto a su hijo Ra\u00fal Ferreira. El episodio, ocurrido el 16 de junio de 1984, marc\u00f3 un momento crucial en la lucha contra la dictadura, atrayendo multitudes esperanzadas que desafiaron los vallados impuestos por los dictadores en el puerto.<\/p>\n\n\n\n<p>Ra\u00fal Vallarino, quien desempe\u00f1\u00f3 un papel fundamental en la organizaci\u00f3n del ch\u00e1rter del vapor de la carrera, recoge testimonios directos de los pasajeros que acompa\u00f1aron al caudillo en este viaje lleno de incertidumbre y expectaci\u00f3n. El libro tambi\u00e9n revela documentos militares in\u00e9ditos relacionados con el hecho, as\u00ed como la lista completa de los pasajeros de esta traves\u00eda hist\u00f3rica.<\/p>\n\n\n\n<p>Esta presentaci\u00f3n ser\u00e1 una instancia para comprender uno de los momentos m\u00e1s significativos en la historia reciente del pa\u00eds. <\/p>\n","protected":false},"excerpt":{"rendered":"<p>El pr\u00f3ximo lunes 16 de junio, a partir de las 19:00 horas, se llevar\u00e1 a cabo en la Casa de Cultura de Young la presentaci\u00f3n<\/p>\n","protected":false},"author":1,"featured_media":333,"comment_status":"open","ping_status":"open","sticky":false,"template":"","format":"standard","meta":{"advgb_blocks_editor_width":"","advgb_blocks_columns_visual_guide":"","footnotes":"","jetpack_publicize_message":"","jetpack_publicize_feature_enabled":true,"jetpack_social_post_already_shared":true,"jetpack_social_options":{"image_generator_settings":{"template":"highway","default_image_id":0,"font":"","enabled":false},"version":2}},"categories":[4],"tags":[],"class_list":["post-332","post","type-post","status-publish","format-standard","has-post-thumbnail","hentry","category-de-aca"],"author_meta":{"display_name":"Portal","author_link":"https:\/\/portaldeyoung.uy\/index.php\/author\/admin_port\/"},"featured_img":"https:\/\/portaldeyoung.uy\/wp-content\/uploads\/2025\/06\/Wilson-regreso-300x162.png","jetpack_publicize_connections":[],"coauthors":[],"tax_additional":{"categories":{"linked":["<a href=\"https:\/\/portaldeyoung.uy\/index.php\/category\/de-aca\/\" class=\"advgb-post-tax-term\">De ac\u00e1<\/a>"],"unlinked":["<span class=\"advgb-post-tax-term\">De ac\u00e1<\/span>"]}},"comment_count":"0","relative_dates":{"created":"Publicado 11 meses hace","modified":"Actualizado 11 meses hace"},"absolute_dates":{"created":"Publicado el junio 11, 2025","modified":"Actualizado el junio 11, 2025"},"absolute_dates_time":{"created":"Publicado el junio 11, 2025 10:04 am","modified":"Actualizado el junio 11, 2025 9:32 pm"},"featured_img_caption":"","series_order":"","_links":{"self":[{"href":"https:\/\/portaldeyoung.uy\/index.php\/wp-json\/wp\/v2\/posts\/332","targetHints":{"allow":["GET"]}}],"collection":[{"href":"https:\/\/portaldeyoung.uy\/index.php\/wp-json\/wp\/v2\/posts"}],"about":[{"href":"https:\/\/portaldeyoung.uy\/index.php\/wp-json\/wp\/v2\/types\/post"}],"author":[{"embeddable":true,"href":"https:\/\/portaldeyoung.uy\/index.php\/wp-json\/wp\/v2\/users\/1"}],"replies":[{"embeddable":true,"href":"https:\/\/portaldeyoung.uy\/index.php\/wp-json\/wp\/v2\/comments?post=332"}],"version-history":[{"count":2,"href":"https:\/\/portaldeyoung.uy\/index.php\/wp-json\/wp\/v2\/posts\/332\/revisions"}],"predecessor-version":[{"id":346,"href":"https:\/\/portaldeyoung.uy\/index.php\/wp-json\/wp\/v2\/posts\/332\/revisions\/346"}],"wp:featuredmedia":[{"embeddable":true,"href":"https:\/\/portaldeyoung.uy\/index.php\/wp-json\/wp\/v2\/media\/333"}],"wp:attachment":[{"href":"https:\/\/portaldeyoung.uy\/index.php\/wp-json\/wp\/v2\/media?parent=332"}],"wp:term":[{"taxonomy":"category","embeddable":true,"href":"https:\/\/portaldeyoung.uy\/index.php\/wp-json\/wp\/v2\/categories?post=332"},{"taxonomy":"post_tag","embeddable":true,"href":"https:\/\/portaldeyoung.uy\/index.php\/wp-json\/wp\/v2\/tags?post=332"}],"curies":[{"name":"wp","href":"https:\/\/api.w.org\/{rel}","templated":true}]}}