{"id":3311,"date":"2025-09-12T09:58:04","date_gmt":"2025-09-12T09:58:04","guid":{"rendered":"https:\/\/portaldeyoung.uy\/?p=3311"},"modified":"2025-09-12T09:58:45","modified_gmt":"2025-09-12T09:58:45","slug":"se-presento-plan-quinquenal-de-viviendas","status":"publish","type":"post","link":"https:\/\/portaldeyoung.uy\/index.php\/2025\/09\/12\/se-presento-plan-quinquenal-de-viviendas\/","title":{"rendered":"Se present\u00f3 Plan Quinquenal de viviendas"},"content":{"rendered":"\n<p>El presidente Yamand\u00fa Orsi asisti\u00f3 a la presentaci\u00f3n del Ministerio de Vivienda, que proyecta alcanzar a 69.334 hogares, con \u00e9nfasis en poblaciones con emergencia habitacional.<\/p>\n\n\n\n<p>Los programas <strong>\u201cCrece desde el Pie\u201d<\/strong>;<strong> \u201cPrimera vivienda<\/strong>\u201d; y <strong>\u201cM\u00e1s barrio\u201d<\/strong>, son algunos de los nuevos proyectos, comprendidos en los cinco lineamientos estrat\u00e9gicos del Plan Quinquenal de Vivienda y H\u00e1bitat del Ministerio de Vivienda y Ordenamiento Territorial (MVOT), que prev\u00e9 alcanzar a casi 70.000 hogares.<\/p>\n\n\n\n<p>El documento, presentado este jueves 11 en la <strong>Torre Ejecutiva<\/strong>, con la presencia del presidente de la Rep\u00fablica, <strong>Yamand\u00fa Orsi,<\/strong> asume el desaf\u00edo de <strong>garantizar que m\u00e1s familias accedan a una vivienda adecuada<\/strong>, pero tambi\u00e9n que esas <strong>casas est\u00e9n bien localizadas, conectadas a servicios, y en entornos seguros y sostenibles<\/strong>.<\/p>\n\n\n\n<p>La ministra <strong>Tamara Paseyro<\/strong>, hizo un repaso de los principales proyectos incluidos en el plan quinquenal que es fruto de un <strong>trabajo participativo<\/strong> con la sociedad civil y entidades p\u00fablicas y privadas, asegur\u00f3.<\/p>\n\n\n\n<p>Subray\u00f3 que su cartera dispondr\u00e1 de <strong>14 mil millones de pesos por a\u00f1o<\/strong> para ejecutar el mencionado plan y advirti\u00f3 que se requieren <strong>acciones interinstitucionales<\/strong> y tambi\u00e9n la <strong>participaci\u00f3n de vecinos en los barrios<\/strong> para que las transformaciones previstas sean <strong>sostenibles<\/strong>.&nbsp;<\/p>\n\n\n\n<h3 class=\"wp-block-heading\">L\u00edneas estrat\u00e9gicas<\/h3>\n\n\n\n<p>El plan quinquenal organiza su acci\u00f3n en <strong>cinco grandes lineamientos estrat\u00e9gicos<\/strong>:<\/p>\n\n\n\n<p>&#8211;<strong>Emergencia habitacional y la vulnerabilidad social. <\/strong>Concentra la atenci\u00f3n en los hogares con carencias cr\u00edticas, en los m\u00e1s de 667 asentamientos identificados en el pa\u00eds, y en poblaciones espec\u00edficas como ni\u00f1os y ni\u00f1as, mujeres, personas mayores, personas con discapacidad y personas liberadas del sistema penitenciario.&nbsp;<\/p>\n\n\n\n<p>Para estos hogares se prev\u00e9n respuestas r\u00e1pidas, a trav\u00e9s de materiales, mano de obra y asistencia t\u00e9cnica, que permitan mejorar de inmediato las condiciones de vida, asegurando al mismo tiempo la continuidad hacia soluciones m\u00e1s estables.<\/p>\n\n\n\n<p>En este eje, se proyectan 19.850 acciones sobre el stock habitacional existente, 5.580 subsidios de alquiler y 213 nuevas soluciones habitacionales.<\/p>\n\n\n\n<p>Asimismo, se crea el programa <strong>Crece desde el pie\u00a0<\/strong>en coordinaci\u00f3n con el Ministerio de Desarrollo Social y ASSE, que busca dar respuesta a hogares con ni\u00f1os y ni\u00f1as reci\u00e9n nacidos en situaci\u00f3n de vulnerabilidad social y que residen en viviendas con alta precariedad habitacional.<\/p>\n\n\n\n<p>&#8211;<strong>Acceso y permanencia en la vivienda<\/strong>. Orientado a diversificar las modalidades de tenencia mediante opciones de propiedad, alquiler social, cooperativas y autoconstrucci\u00f3n, respaldadas por instrumentos de cr\u00e9dito, subsidios y garant\u00edas.<\/p>\n\n\n\n<p>En este punto, se destaca el programa <strong>Primera Vivienda<\/strong>, dirigido a hogares de ingresos medios y medio bajos que encuentran dificultades en el mercado formal. En total, se proyectan 20.681 soluciones habitacionales, junto con 640 acciones de mejora del stock existente, 1.200 subsidios parciales de alquiler y 3.800 garant\u00edas de alquiler.<\/p>\n\n\n\n<figure class=\"wp-block-image size-large\"><img loading=\"lazy\" decoding=\"async\" width=\"1024\" height=\"683\" src=\"https:\/\/portaldeyoung.uy\/wp-content\/uploads\/2025\/09\/Plan-quinquenal-1024x683.jpg\" alt=\"\" class=\"wp-image-3313\" srcset=\"https:\/\/portaldeyoung.uy\/wp-content\/uploads\/2025\/09\/Plan-quinquenal-1024x683.jpg 1024w, https:\/\/portaldeyoung.uy\/wp-content\/uploads\/2025\/09\/Plan-quinquenal-300x200.jpg 300w, https:\/\/portaldeyoung.uy\/wp-content\/uploads\/2025\/09\/Plan-quinquenal-768x512.jpg 768w, https:\/\/portaldeyoung.uy\/wp-content\/uploads\/2025\/09\/Plan-quinquenal-1536x1024.jpg 1536w, https:\/\/portaldeyoung.uy\/wp-content\/uploads\/2025\/09\/Plan-quinquenal-2048x1365.jpg 2048w\" sizes=\"auto, (max-width: 1024px) 100vw, 1024px\" \/><figcaption class=\"wp-element-caption\">\u00a9Camilo dos Santos Ayala-20250911CDS-0.\/ Uruguay \/ Montevideo \/ Presidencia ROU. Presidente de la Rep\u00fablica Oriental del Uruguay, profesor Yamand\u00fa Orsi. \rFoto: Camilo dos Santos Ayala, Presidencia de la Rep\u00fablica Oriental del Uruguay.\r\rEN LA FOTO: \r\rEl 11 de September de 2025. \rFoto: Camilo dos Santos Ayala, Presidencia de la Rep\u00fablica Oriental del Uruguay<\/figcaption><\/figure>\n\n\n\n<p>Tambi\u00e9n se prev\u00e9modificar el<strong> programa Entre Todos,<\/strong> llevado adelante para el acceso a viviendas promovidas amparadas a la Ley n.\u00b018.795, para reperfilar los mecanismos de acceso, con tope de precios a las viviendas y subsidios a la demanda.<\/p>\n\n\n\n<p>&#8211;<strong>Integraci\u00f3n urbano\u2013rural<\/strong>. Impulsa intervenciones en barrios y localidades peque\u00f1as que incluyan <strong>realojos, mejoras, procesos de regularizaci\u00f3n y conexi\u00f3n a saneamiento.<\/strong> Bajo este lineamiento se proyecta llegar a 17.370 hogares, con la concreci\u00f3n de 4.620 nuevas soluciones habitacionales.<\/p>\n\n\n\n<p>A su vez, <a href=\"https:\/\/www.mevir.org.uy\/\">Mevir<\/a> desplegar\u00e1 programas integrales en su \u00e1mbito de actuaci\u00f3n, <strong>beneficiando a las familias del interior disperso<\/strong> y de localidades menores a 15.000 habitantes.<\/p>\n\n\n\n<p>Adem\u00e1s de los programas <strong>Mejoramiento de Barrios<\/strong>, <strong>Plan Juntos<\/strong> y el <strong>Plan Nacional de Relocalizaciones<\/strong>, se destaca la creaci\u00f3n del programa <strong>M\u00e1s Barrio<\/strong>, que buscar\u00e1 impulsar intervenciones integrales de desarrollo urbano y vivienda en zonas con alta concentraci\u00f3n de vulnerabilidad, con el objetivo de transformarlas en comunidades habitables, seguras e integradas.<\/p>\n\n\n\n<p>&#8211;<strong>Segunda Estrategia Nacional de Acceso al Suelo Urbano<\/strong> (ENASU). Su objetivo es aprovechar de manera eficiente los inmuebles p\u00fablicos y promover distritos de innovaci\u00f3n en ciudades del interior, articulando vivienda, infraestructura y equipamientos.<\/p>\n\n\n\n<p>&#8211;<strong>Gesti\u00f3n del Sistema P\u00fablico de Vivienda (SPV). <\/strong>Buscafortalecer la planificaci\u00f3n, el monitoreo y la evaluaci\u00f3n basados en evidencia, as\u00ed como promover la transparencia y la participaci\u00f3n social en todo el proceso de implementaci\u00f3n.<\/p>\n\n\n\n<p>&nbsp;Al acto asistieron, tambi\u00e9n, el secretario de Presidencia, <strong>Alejandro S\u00e1nchez<\/strong>; las ministras de Transporte, <strong>Luc\u00eda Etcheverry<\/strong>; de Salud P\u00fablica, <strong>Cristina Lustemberg<\/strong>; el titular de Ambiente, <strong>Edgardo Ortu\u00f1o<\/strong>; el subsecretario de Vivienda, <strong>Christian Di Candia<\/strong> y su par de Interior, <strong>Gabriela Valverde<\/strong>,autoridades del <strong>Sistema P\u00fablico de Vivienda<\/strong>, y otras jerarqu\u00edas nacionales.<\/p>\n","protected":false},"excerpt":{"rendered":"<p>El presidente Yamand\u00fa Orsi asisti\u00f3 a la presentaci\u00f3n del Ministerio de Vivienda, que proyecta alcanzar a 69.334 hogares, con \u00e9nfasis en poblaciones con emergencia habitacional.<\/p>\n","protected":false},"author":1,"featured_media":3312,"comment_status":"open","ping_status":"open","sticky":false,"template":"","format":"standard","meta":{"advgb_blocks_editor_width":"","advgb_blocks_columns_visual_guide":"","footnotes":"","jetpack_publicize_message":"Los programas \u201cCrece desde el Pie\u201d; \u201cPrimera vivienda\u201d; y \u201cM\u00e1s barrio\u201d, son algunos de los nuevos proyectos, comprendidos en los cinco lineamientos estrat\u00e9gicos del Plan Quinquenal de Vivienda y H\u00e1bitat del  ...","jetpack_publicize_feature_enabled":false,"jetpack_social_post_already_shared":false,"jetpack_social_options":{"image_generator_settings":{"template":"highway","default_image_id":0,"font":"","enabled":false},"version":2}},"categories":[7],"tags":[],"class_list":["post-3311","post","type-post","status-publish","format-standard","has-post-thumbnail","hentry","category-del-pais"],"author_meta":{"display_name":"Portal","author_link":"https:\/\/portaldeyoung.uy\/index.php\/author\/admin_port\/"},"featured_img":"https:\/\/portaldeyoung.uy\/wp-content\/uploads\/2025\/09\/vivienda-300x200.jpg","jetpack_publicize_connections":[],"coauthors":[],"tax_additional":{"categories":{"linked":["<a href=\"https:\/\/portaldeyoung.uy\/index.php\/category\/del-pais\/\" class=\"advgb-post-tax-term\">Del pa\u00eds<\/a>"],"unlinked":["<span class=\"advgb-post-tax-term\">Del pa\u00eds<\/span>"]}},"comment_count":"0","relative_dates":{"created":"Publicado 8 meses hace","modified":"Actualizado 8 meses hace"},"absolute_dates":{"created":"Publicado el septiembre 12, 2025","modified":"Actualizado el septiembre 12, 2025"},"absolute_dates_time":{"created":"Publicado el septiembre 12, 2025 9:58 am","modified":"Actualizado el septiembre 12, 2025 9:58 am"},"featured_img_caption":"","series_order":"","_links":{"self":[{"href":"https:\/\/portaldeyoung.uy\/index.php\/wp-json\/wp\/v2\/posts\/3311","targetHints":{"allow":["GET"]}}],"collection":[{"href":"https:\/\/portaldeyoung.uy\/index.php\/wp-json\/wp\/v2\/posts"}],"about":[{"href":"https:\/\/portaldeyoung.uy\/index.php\/wp-json\/wp\/v2\/types\/post"}],"author":[{"embeddable":true,"href":"https:\/\/portaldeyoung.uy\/index.php\/wp-json\/wp\/v2\/users\/1"}],"replies":[{"embeddable":true,"href":"https:\/\/portaldeyoung.uy\/index.php\/wp-json\/wp\/v2\/comments?post=3311"}],"version-history":[{"count":1,"href":"https:\/\/portaldeyoung.uy\/index.php\/wp-json\/wp\/v2\/posts\/3311\/revisions"}],"predecessor-version":[{"id":3314,"href":"https:\/\/portaldeyoung.uy\/index.php\/wp-json\/wp\/v2\/posts\/3311\/revisions\/3314"}],"wp:featuredmedia":[{"embeddable":true,"href":"https:\/\/portaldeyoung.uy\/index.php\/wp-json\/wp\/v2\/media\/3312"}],"wp:attachment":[{"href":"https:\/\/portaldeyoung.uy\/index.php\/wp-json\/wp\/v2\/media?parent=3311"}],"wp:term":[{"taxonomy":"category","embeddable":true,"href":"https:\/\/portaldeyoung.uy\/index.php\/wp-json\/wp\/v2\/categories?post=3311"},{"taxonomy":"post_tag","embeddable":true,"href":"https:\/\/portaldeyoung.uy\/index.php\/wp-json\/wp\/v2\/tags?post=3311"}],"curies":[{"name":"wp","href":"https:\/\/api.w.org\/{rel}","templated":true}]}}