{"id":3194,"date":"2025-09-09T11:13:05","date_gmt":"2025-09-09T11:13:05","guid":{"rendered":"https:\/\/portaldeyoung.uy\/?p=3194"},"modified":"2025-09-10T11:21:13","modified_gmt":"2025-09-10T11:21:13","slug":"destacada-actuacion-de-karatecas-younguenses-en-torneo-internacional-en-paysandu","status":"publish","type":"post","link":"https:\/\/portaldeyoung.uy\/index.php\/2025\/09\/09\/destacada-actuacion-de-karatecas-younguenses-en-torneo-internacional-en-paysandu\/","title":{"rendered":"Destacada actuaci\u00f3n de karatecas younguenses en torneo internacional en Paysand\u00fa"},"content":{"rendered":"\n<p>Los deportistas younguenses tuvieron una sobresaliente participaci\u00f3n en el torneo internacional de karate desarrollado en la ciudad de Paysand\u00fa, donde lograron ubicarse en los primeros lugares de las diferentes modalidades.<\/p>\n\n\n\n<p>Francisco Sellanes obtuvo el <strong>3.\u00ba puesto en Kata<\/strong> y <strong>3.\u00ba puesto en Kumite<\/strong>, mientras que Valentina Sanguinetti se consagr\u00f3 campeona al alcanzar el <strong>1.\u00ba puesto en Kata<\/strong> y tambi\u00e9n en <strong>Kumite<\/strong>.<\/p>\n\n\n\n<p>Por su parte, Federico Bauz\u00e1 logr\u00f3 el <strong>2.\u00ba puesto en Kata<\/strong> y se impuso con el <strong>1.\u00ba puesto en Kumite<\/strong>, y Sof\u00eda Sanguinetti tambi\u00e9n brill\u00f3 al conquistar el <strong>1.\u00ba puesto en Kata<\/strong> y <strong>1.\u00ba puesto en Kumite<\/strong>.<\/p>\n\n\n\n<p>Estos resultados destacan el esfuerzo y la preparaci\u00f3n de los karatecas de Young.<\/p>\n\n\n\n<div class=\"wp-block-advgb-images-slider advgb-images-slider-block advg-images-slider-dad142ed-6899-4bb8-9ec7-c2341dfd2262\"><div class=\"advgb-images-slider\" dir=\"ltr\"><div class=\"advgb-image-slider-item\"><img decoding=\"async\" src=\"https:\/\/portaldeyoung.uy\/wp-content\/uploads\/2025\/09\/IMG-20250908-WA0012.jpg\" class=\"advgb-image-slider-img\" alt=\"\" style=\"width:100%;height:auto\"\/><div class=\"advgb-image-slider-item-info\" style=\"justify-content:center;align-items:center\"><\/div><\/div><div class=\"advgb-image-slider-item\"><img decoding=\"async\" src=\"https:\/\/portaldeyoung.uy\/wp-content\/uploads\/2025\/09\/IMG-20250908-WA0013.jpg\" class=\"advgb-image-slider-img\" alt=\"\" style=\"width:100%;height:auto\"\/><div class=\"advgb-image-slider-item-info\" style=\"justify-content:center;align-items:center\"><\/div><\/div><div class=\"advgb-image-slider-item\"><img decoding=\"async\" src=\"https:\/\/portaldeyoung.uy\/wp-content\/uploads\/2025\/09\/IMG-20250908-WA0016.jpg\" class=\"advgb-image-slider-img\" alt=\"\" style=\"width:100%;height:auto\"\/><div class=\"advgb-image-slider-item-info\" style=\"justify-content:center;align-items:center\"><\/div><\/div><div class=\"advgb-image-slider-item\"><img decoding=\"async\" src=\"https:\/\/portaldeyoung.uy\/wp-content\/uploads\/2025\/09\/IMG-20250908-WA0017.jpg\" class=\"advgb-image-slider-img\" alt=\"\" style=\"width:100%;height:auto\"\/><div class=\"advgb-image-slider-item-info\" style=\"justify-content:center;align-items:center\"><\/div><\/div><\/div><\/div>\n","protected":false},"excerpt":{"rendered":"<p>Los deportistas younguenses tuvieron una sobresaliente participaci\u00f3n en el torneo internacional de karate desarrollado en la ciudad de Paysand\u00fa, donde lograron ubicarse en los primeros<\/p>\n","protected":false},"author":1,"featured_media":3195,"comment_status":"open","ping_status":"open","sticky":false,"template":"","format":"standard","meta":{"advgb_blocks_editor_width":"","advgb_blocks_columns_visual_guide":"","footnotes":"","jetpack_publicize_message":"Los deportistas younguenses tuvieron una sobresaliente participaci\u00f3n en el torneo internacional de karate desarrollado en la ciudad de Paysand\u00fa, donde lograron ubicarse en ...","jetpack_publicize_feature_enabled":false,"jetpack_social_post_already_shared":false,"jetpack_social_options":{"image_generator_settings":{"template":"highway","default_image_id":0,"font":"","enabled":false},"version":2}},"categories":[5],"tags":[],"class_list":["post-3194","post","type-post","status-publish","format-standard","has-post-thumbnail","hentry","category-de-la-tribuna"],"author_meta":{"display_name":"Portal","author_link":"https:\/\/portaldeyoung.uy\/index.php\/author\/admin_port\/"},"featured_img":"https:\/\/portaldeyoung.uy\/wp-content\/uploads\/2025\/09\/Karate-300x169.jpg","jetpack_publicize_connections":[],"coauthors":[],"tax_additional":{"categories":{"linked":["<a href=\"https:\/\/portaldeyoung.uy\/index.php\/category\/de-la-tribuna\/\" class=\"advgb-post-tax-term\">De la tribuna<\/a>"],"unlinked":["<span class=\"advgb-post-tax-term\">De la tribuna<\/span>"]}},"comment_count":"0","relative_dates":{"created":"Publicado 8 meses hace","modified":"Actualizado 8 meses hace"},"absolute_dates":{"created":"Publicado el septiembre 9, 2025","modified":"Actualizado el septiembre 10, 2025"},"absolute_dates_time":{"created":"Publicado el septiembre 9, 2025 11:13 am","modified":"Actualizado el septiembre 10, 2025 11:21 am"},"featured_img_caption":"","series_order":"","_links":{"self":[{"href":"https:\/\/portaldeyoung.uy\/index.php\/wp-json\/wp\/v2\/posts\/3194","targetHints":{"allow":["GET"]}}],"collection":[{"href":"https:\/\/portaldeyoung.uy\/index.php\/wp-json\/wp\/v2\/posts"}],"about":[{"href":"https:\/\/portaldeyoung.uy\/index.php\/wp-json\/wp\/v2\/types\/post"}],"author":[{"embeddable":true,"href":"https:\/\/portaldeyoung.uy\/index.php\/wp-json\/wp\/v2\/users\/1"}],"replies":[{"embeddable":true,"href":"https:\/\/portaldeyoung.uy\/index.php\/wp-json\/wp\/v2\/comments?post=3194"}],"version-history":[{"count":2,"href":"https:\/\/portaldeyoung.uy\/index.php\/wp-json\/wp\/v2\/posts\/3194\/revisions"}],"predecessor-version":[{"id":3216,"href":"https:\/\/portaldeyoung.uy\/index.php\/wp-json\/wp\/v2\/posts\/3194\/revisions\/3216"}],"wp:featuredmedia":[{"embeddable":true,"href":"https:\/\/portaldeyoung.uy\/index.php\/wp-json\/wp\/v2\/media\/3195"}],"wp:attachment":[{"href":"https:\/\/portaldeyoung.uy\/index.php\/wp-json\/wp\/v2\/media?parent=3194"}],"wp:term":[{"taxonomy":"category","embeddable":true,"href":"https:\/\/portaldeyoung.uy\/index.php\/wp-json\/wp\/v2\/categories?post=3194"},{"taxonomy":"post_tag","embeddable":true,"href":"https:\/\/portaldeyoung.uy\/index.php\/wp-json\/wp\/v2\/tags?post=3194"}],"curies":[{"name":"wp","href":"https:\/\/api.w.org\/{rel}","templated":true}]}}