{"id":3191,"date":"2025-09-09T11:03:26","date_gmt":"2025-09-09T11:03:26","guid":{"rendered":"https:\/\/portaldeyoung.uy\/?p=3191"},"modified":"2025-09-09T11:04:06","modified_gmt":"2025-09-09T11:04:06","slug":"incautacion-de-mercaderias-en-el-marco-de-la-operacion-verde-en-paraje-la-feria","status":"publish","type":"post","link":"https:\/\/portaldeyoung.uy\/index.php\/2025\/09\/09\/incautacion-de-mercaderias-en-el-marco-de-la-operacion-verde-en-paraje-la-feria\/","title":{"rendered":"Incautaci\u00f3n de mercader\u00edas en el marco de la Operaci\u00f3n \u201cVerde\u201d en Paraje La Feria"},"content":{"rendered":"\n<p>En el marco de la Operaci\u00f3n \u201cVerde\u201d, personal de la Brigada Departamental Antidrogas, en coordinaci\u00f3n con la Fiscal\u00eda de Primer Turno de Fray Bentos, llev\u00f3 adelante un minucioso trabajo de investigaci\u00f3n y vigilancia que permiti\u00f3 la incautaci\u00f3n de mercader\u00edas varias.<\/p>\n\n\n\n<p>Durante controles realizados a \u00f3mnibus en diferentes puntos, en la parada conocida como \u201cla feria\u201d se detect\u00f3 a un hombre en actitud sospechosa que descendi\u00f3 de un coche proveniente de la ciudad de Salto con varios equipajes de gran tama\u00f1o, los cuales carg\u00f3 en un veh\u00edculo. Tras ser identificado, se comprob\u00f3 que se trataba de un hombre mayor de edad, de iniciales D.M.A.B. Al registrar el veh\u00edculo, la Polic\u00eda encontr\u00f3 en el interior de los equipajes cartones de cigarrillos marca <em>GIFT<\/em>, botellas de la bebida alcoh\u00f3lica <em>Jagermeister<\/em> y botellas de whisky <em>Johnnie Walker Red Label<\/em>.<\/p>\n\n\n\n<p>Paralelamente, en la terminal de \u00f3mnibus de la ciudad, descendi\u00f3 del mismo coche una mujer mayor de edad, de iniciales A.T.A.F., tambi\u00e9n con varios equipajes. Al ser inspeccionada, se hallaron en su interior cartones de cigarrillos de la misma marca.<\/p>\n\n\n\n<p>Ambas personas fueron conducidas para continuar con las averiguaciones. Enterada la Fiscal\u00eda, dispuso emplazar sin fecha al hombre, permitir el retiro de la mujer, proceder a la incautaci\u00f3n de la mercader\u00eda y de un tel\u00e9fono celular, as\u00ed como coordinar con Aduana la cotizaci\u00f3n de lo decomisado. En tanto, el veh\u00edculo y dem\u00e1s pertenencias particulares fueron entregados a su propietario.<\/p>\n","protected":false},"excerpt":{"rendered":"<p>En el marco de la Operaci\u00f3n \u201cVerde\u201d, personal de la Brigada Departamental Antidrogas, en coordinaci\u00f3n con la Fiscal\u00eda de Primer Turno de Fray Bentos, llev\u00f3<\/p>\n","protected":false},"author":1,"featured_media":842,"comment_status":"open","ping_status":"open","sticky":false,"template":"","format":"standard","meta":{"advgb_blocks_editor_width":"","advgb_blocks_columns_visual_guide":"","footnotes":"","jetpack_publicize_message":"En el marco de la Operaci\u00f3n \u201cVerde\u201d, personal de la Brigada Departamental Antidrogas, en coordinaci\u00f3n con la Fiscal\u00eda de Primer Turno de Fray Bentos, llev\u00f3 adelante un ...","jetpack_publicize_feature_enabled":false,"jetpack_social_post_already_shared":false,"jetpack_social_options":{"image_generator_settings":{"template":"highway","default_image_id":0,"font":"","enabled":false},"version":2}},"categories":[6],"tags":[],"class_list":["post-3191","post","type-post","status-publish","format-standard","has-post-thumbnail","hentry","category-del-departamento"],"author_meta":{"display_name":"Portal","author_link":"https:\/\/portaldeyoung.uy\/index.php\/author\/admin_port\/"},"featured_img":"https:\/\/portaldeyoung.uy\/wp-content\/uploads\/2025\/06\/detenido-policia-300x200.png","jetpack_publicize_connections":[],"coauthors":[],"tax_additional":{"categories":{"linked":["<a href=\"https:\/\/portaldeyoung.uy\/index.php\/category\/del-departamento\/\" class=\"advgb-post-tax-term\">Del departamento<\/a>"],"unlinked":["<span class=\"advgb-post-tax-term\">Del departamento<\/span>"]}},"comment_count":"0","relative_dates":{"created":"Publicado 8 meses hace","modified":"Actualizado 8 meses hace"},"absolute_dates":{"created":"Publicado el septiembre 9, 2025","modified":"Actualizado el septiembre 9, 2025"},"absolute_dates_time":{"created":"Publicado el septiembre 9, 2025 11:03 am","modified":"Actualizado el septiembre 9, 2025 11:04 am"},"featured_img_caption":"","series_order":"","_links":{"self":[{"href":"https:\/\/portaldeyoung.uy\/index.php\/wp-json\/wp\/v2\/posts\/3191","targetHints":{"allow":["GET"]}}],"collection":[{"href":"https:\/\/portaldeyoung.uy\/index.php\/wp-json\/wp\/v2\/posts"}],"about":[{"href":"https:\/\/portaldeyoung.uy\/index.php\/wp-json\/wp\/v2\/types\/post"}],"author":[{"embeddable":true,"href":"https:\/\/portaldeyoung.uy\/index.php\/wp-json\/wp\/v2\/users\/1"}],"replies":[{"embeddable":true,"href":"https:\/\/portaldeyoung.uy\/index.php\/wp-json\/wp\/v2\/comments?post=3191"}],"version-history":[{"count":1,"href":"https:\/\/portaldeyoung.uy\/index.php\/wp-json\/wp\/v2\/posts\/3191\/revisions"}],"predecessor-version":[{"id":3192,"href":"https:\/\/portaldeyoung.uy\/index.php\/wp-json\/wp\/v2\/posts\/3191\/revisions\/3192"}],"wp:featuredmedia":[{"embeddable":true,"href":"https:\/\/portaldeyoung.uy\/index.php\/wp-json\/wp\/v2\/media\/842"}],"wp:attachment":[{"href":"https:\/\/portaldeyoung.uy\/index.php\/wp-json\/wp\/v2\/media?parent=3191"}],"wp:term":[{"taxonomy":"category","embeddable":true,"href":"https:\/\/portaldeyoung.uy\/index.php\/wp-json\/wp\/v2\/categories?post=3191"},{"taxonomy":"post_tag","embeddable":true,"href":"https:\/\/portaldeyoung.uy\/index.php\/wp-json\/wp\/v2\/tags?post=3191"}],"curies":[{"name":"wp","href":"https:\/\/api.w.org\/{rel}","templated":true}]}}