{"id":3188,"date":"2025-09-09T10:58:13","date_gmt":"2025-09-09T10:58:13","guid":{"rendered":"https:\/\/portaldeyoung.uy\/?p=3188"},"modified":"2025-09-09T10:58:46","modified_gmt":"2025-09-09T10:58:46","slug":"asumio-como-nuevo-jefe-de-policia-del-departamento-williams-garcia","status":"publish","type":"post","link":"https:\/\/portaldeyoung.uy\/index.php\/2025\/09\/09\/asumio-como-nuevo-jefe-de-policia-del-departamento-williams-garcia\/","title":{"rendered":"Asumi\u00f3 como nuevo Jefe de Polic\u00eda del departamento Williams Garc\u00eda"},"content":{"rendered":"\n<p>Este lunes fue presentado y asumi\u00f3 su cargo como Jefe de Polic\u00eda en R\u00edo Negro el Comisario General Williams Garc\u00eda, que destac\u00f3 que el se viene a integrar al equipo que ya est\u00e1 trabajando, confirmando que no har\u00e1 cambios.<\/p>\n\n\n\n<p>En declaraciones realizadas destac\u00f3 el trabajo que se venia haciendo en el departamento. \u00abTuvimos la posibilidad de hablar con ellos, le dimos la tranquilidad de que \u00edbamos a continuar trabajando juntos, y hoy en la reuni\u00f3n con los oficiales, fueron ratificados cada uno en su lugar de trabajo\u00bb remarc\u00f3.<\/p>\n\n\n\n<p>Garc\u00eda en tanto destac\u00f3 la r\u00e1pida respuesta que hubo en la ma\u00f1ana en Young al momento de la rapi\u00f1a qu\u00e9 ocurri\u00f3 en un local de pagos donde los ladrones fueron detenidos pocos minutos despu\u00e9s en Menafra.<\/p>\n\n\n\n<p><em>*Fuente R\u00edo Negro Ahora<\/em><\/p>\n","protected":false},"excerpt":{"rendered":"<p>Este lunes fue presentado y asumi\u00f3 su cargo como Jefe de Polic\u00eda en R\u00edo Negro el Comisario General Williams Garc\u00eda, que destac\u00f3 que el se<\/p>\n","protected":false},"author":1,"featured_media":3189,"comment_status":"open","ping_status":"open","sticky":false,"template":"","format":"standard","meta":{"advgb_blocks_editor_width":"","advgb_blocks_columns_visual_guide":"","footnotes":"","jetpack_publicize_message":"Este lunes fue presentado y asumi\u00f3 su cargo como Jefe de Polic\u00eda en R\u00edo Negro el Comisario General Williams Garc\u00eda, que destac\u00f3 que el se viene a integrar al equipo que ya ...","jetpack_publicize_feature_enabled":false,"jetpack_social_post_already_shared":false,"jetpack_social_options":{"image_generator_settings":{"template":"highway","default_image_id":0,"font":"","enabled":false},"version":2}},"categories":[6],"tags":[],"class_list":["post-3188","post","type-post","status-publish","format-standard","has-post-thumbnail","hentry","category-del-departamento"],"author_meta":{"display_name":"Portal","author_link":"https:\/\/portaldeyoung.uy\/index.php\/author\/admin_port\/"},"featured_img":"https:\/\/portaldeyoung.uy\/wp-content\/uploads\/2025\/09\/jefe-de-policia-garcia-300x168.png","jetpack_publicize_connections":[],"coauthors":[],"tax_additional":{"categories":{"linked":["<a href=\"https:\/\/portaldeyoung.uy\/index.php\/category\/del-departamento\/\" class=\"advgb-post-tax-term\">Del departamento<\/a>"],"unlinked":["<span class=\"advgb-post-tax-term\">Del departamento<\/span>"]}},"comment_count":"0","relative_dates":{"created":"Publicado 8 meses hace","modified":"Actualizado 8 meses hace"},"absolute_dates":{"created":"Publicado el septiembre 9, 2025","modified":"Actualizado el septiembre 9, 2025"},"absolute_dates_time":{"created":"Publicado el septiembre 9, 2025 10:58 am","modified":"Actualizado el septiembre 9, 2025 10:58 am"},"featured_img_caption":"","series_order":"","_links":{"self":[{"href":"https:\/\/portaldeyoung.uy\/index.php\/wp-json\/wp\/v2\/posts\/3188","targetHints":{"allow":["GET"]}}],"collection":[{"href":"https:\/\/portaldeyoung.uy\/index.php\/wp-json\/wp\/v2\/posts"}],"about":[{"href":"https:\/\/portaldeyoung.uy\/index.php\/wp-json\/wp\/v2\/types\/post"}],"author":[{"embeddable":true,"href":"https:\/\/portaldeyoung.uy\/index.php\/wp-json\/wp\/v2\/users\/1"}],"replies":[{"embeddable":true,"href":"https:\/\/portaldeyoung.uy\/index.php\/wp-json\/wp\/v2\/comments?post=3188"}],"version-history":[{"count":1,"href":"https:\/\/portaldeyoung.uy\/index.php\/wp-json\/wp\/v2\/posts\/3188\/revisions"}],"predecessor-version":[{"id":3190,"href":"https:\/\/portaldeyoung.uy\/index.php\/wp-json\/wp\/v2\/posts\/3188\/revisions\/3190"}],"wp:featuredmedia":[{"embeddable":true,"href":"https:\/\/portaldeyoung.uy\/index.php\/wp-json\/wp\/v2\/media\/3189"}],"wp:attachment":[{"href":"https:\/\/portaldeyoung.uy\/index.php\/wp-json\/wp\/v2\/media?parent=3188"}],"wp:term":[{"taxonomy":"category","embeddable":true,"href":"https:\/\/portaldeyoung.uy\/index.php\/wp-json\/wp\/v2\/categories?post=3188"},{"taxonomy":"post_tag","embeddable":true,"href":"https:\/\/portaldeyoung.uy\/index.php\/wp-json\/wp\/v2\/tags?post=3188"}],"curies":[{"name":"wp","href":"https:\/\/api.w.org\/{rel}","templated":true}]}}