{"id":3178,"date":"2025-09-09T10:38:04","date_gmt":"2025-09-09T10:38:04","guid":{"rendered":"https:\/\/portaldeyoung.uy\/?p=3178"},"modified":"2025-09-09T10:38:38","modified_gmt":"2025-09-09T10:38:38","slug":"hombre-apunalo-en-la-mano-a-su-expareja-y-se-llevo-a-su-hijo-de-dos-anos-el-nino-esta-bien-y-el-hombre-profugo","status":"publish","type":"post","link":"https:\/\/portaldeyoung.uy\/index.php\/2025\/09\/09\/hombre-apunalo-en-la-mano-a-su-expareja-y-se-llevo-a-su-hijo-de-dos-anos-el-nino-esta-bien-y-el-hombre-profugo\/","title":{"rendered":"Hombre apu\u00f1al\u00f3 en la mano a su expareja y se llev\u00f3 a su hijo de dos a\u00f1os; el ni\u00f1o est\u00e1 bien y el hombre pr\u00f3fugo"},"content":{"rendered":"\n<p>Ocurri\u00f3 en La Teja, Montevideo. El ni\u00f1o fue encontrado en la casa de un familiar, y el hombre est\u00e1 pr\u00f3fugo, con orden de captura. Hiri\u00f3 a su expareja con una pu\u00f1alada en la mano.<\/p>\n\n\n\n<p>Un hombre de 29 a\u00f1os lleg\u00f3 a la casa de su expareja, una mujer de 33 a\u00f1os a\u00f1os, y la amenaz\u00f3 con un cuchillo. Ocurri\u00f3 en Agust\u00edn Mu\u00f1\u00f3z y Montero Vidaurreta, en el barrio <strong>La Teja<\/strong>.<\/p>\n\n\n\n<p>Mientras que el hombre apu\u00f1al\u00f3 a la mujer en la mano, tom\u00f3 a su hijo de dos a\u00f1os y se subi\u00f3 a un auto Peugeot gris, en el que iba a su vez una tercera persona.<\/p>\n\n\n\n<p>La Polic\u00eda recibi\u00f3 la comunicaci\u00f3n sobre que la mujer estaba herida y que, adem\u00e1s, el hombre se hab\u00eda llevado al ni\u00f1o.<\/p>\n\n\n\n<p>Seg\u00fan informa la Fiscal\u00eda General de la Naci\u00f3n, el ni\u00f1o fue encontrado poco despu\u00e9s en la casa de un familiar, mientras que el hombre escap\u00f3 y permanece pr\u00f3fugo, con orden de captura desde el s\u00e1bado.<\/p>\n\n\n\n<p><strong>Otro caso<\/strong><\/p>\n\n\n\n<p>A su vez, la Fiscal\u00eda informa que hubo otro caso de violencia dom\u00e9stica que se confundi\u00f3 con el anterior de La Teja. Este segundo caso ocurri\u00f3 en La Cruz de Carrasco, cuando un hombre que ten\u00eda a su hijo en brazo golpe\u00f3 a su pareja.<\/p>\n\n\n\n<p>Denunciada la situaci\u00f3n el agresor fue detenido y se formaliz\u00f3 una investigaci\u00f3n en su contra por un delito de violencia dom\u00e9stica y lesiones. Al hombre se le impuso como medida cautelar la prisi\u00f3n preventiva por 120 d\u00edas, mientras contin\u00faa la investigaci\u00f3n del caso.<\/p>\n\n\n\n<p><em>*Subrayado<\/em><\/p>\n","protected":false},"excerpt":{"rendered":"<p>Ocurri\u00f3 en La Teja, Montevideo. El ni\u00f1o fue encontrado en la casa de un familiar, y el hombre est\u00e1 pr\u00f3fugo, con orden de captura. Hiri\u00f3<\/p>\n","protected":false},"author":1,"featured_media":1458,"comment_status":"open","ping_status":"open","sticky":false,"template":"","format":"standard","meta":{"advgb_blocks_editor_width":"","advgb_blocks_columns_visual_guide":"","footnotes":"","jetpack_publicize_message":"Ocurri\u00f3 en La Teja, Montevideo. El ni\u00f1o fue encontrado en la casa de un familiar, y el hombre est\u00e1 pr\u00f3fugo, con ...","jetpack_publicize_feature_enabled":false,"jetpack_social_post_already_shared":false,"jetpack_social_options":{"image_generator_settings":{"template":"highway","default_image_id":0,"font":"","enabled":false},"version":2}},"categories":[7],"tags":[],"class_list":["post-3178","post","type-post","status-publish","format-standard","has-post-thumbnail","hentry","category-del-pais"],"author_meta":{"display_name":"Portal","author_link":"https:\/\/portaldeyoung.uy\/index.php\/author\/admin_port\/"},"featured_img":"https:\/\/portaldeyoung.uy\/wp-content\/uploads\/2025\/07\/policia-300x198.png","jetpack_publicize_connections":[],"coauthors":[],"tax_additional":{"categories":{"linked":["<a href=\"https:\/\/portaldeyoung.uy\/index.php\/category\/del-pais\/\" class=\"advgb-post-tax-term\">Del pa\u00eds<\/a>"],"unlinked":["<span class=\"advgb-post-tax-term\">Del pa\u00eds<\/span>"]}},"comment_count":"0","relative_dates":{"created":"Publicado 8 meses hace","modified":"Actualizado 8 meses hace"},"absolute_dates":{"created":"Publicado el septiembre 9, 2025","modified":"Actualizado el septiembre 9, 2025"},"absolute_dates_time":{"created":"Publicado el septiembre 9, 2025 10:38 am","modified":"Actualizado el septiembre 9, 2025 10:38 am"},"featured_img_caption":"","series_order":"","_links":{"self":[{"href":"https:\/\/portaldeyoung.uy\/index.php\/wp-json\/wp\/v2\/posts\/3178","targetHints":{"allow":["GET"]}}],"collection":[{"href":"https:\/\/portaldeyoung.uy\/index.php\/wp-json\/wp\/v2\/posts"}],"about":[{"href":"https:\/\/portaldeyoung.uy\/index.php\/wp-json\/wp\/v2\/types\/post"}],"author":[{"embeddable":true,"href":"https:\/\/portaldeyoung.uy\/index.php\/wp-json\/wp\/v2\/users\/1"}],"replies":[{"embeddable":true,"href":"https:\/\/portaldeyoung.uy\/index.php\/wp-json\/wp\/v2\/comments?post=3178"}],"version-history":[{"count":2,"href":"https:\/\/portaldeyoung.uy\/index.php\/wp-json\/wp\/v2\/posts\/3178\/revisions"}],"predecessor-version":[{"id":3180,"href":"https:\/\/portaldeyoung.uy\/index.php\/wp-json\/wp\/v2\/posts\/3178\/revisions\/3180"}],"wp:featuredmedia":[{"embeddable":true,"href":"https:\/\/portaldeyoung.uy\/index.php\/wp-json\/wp\/v2\/media\/1458"}],"wp:attachment":[{"href":"https:\/\/portaldeyoung.uy\/index.php\/wp-json\/wp\/v2\/media?parent=3178"}],"wp:term":[{"taxonomy":"category","embeddable":true,"href":"https:\/\/portaldeyoung.uy\/index.php\/wp-json\/wp\/v2\/categories?post=3178"},{"taxonomy":"post_tag","embeddable":true,"href":"https:\/\/portaldeyoung.uy\/index.php\/wp-json\/wp\/v2\/tags?post=3178"}],"curies":[{"name":"wp","href":"https:\/\/api.w.org\/{rel}","templated":true}]}}