{"id":3126,"date":"2025-09-08T10:48:12","date_gmt":"2025-09-08T10:48:12","guid":{"rendered":"https:\/\/portaldeyoung.uy\/?p=3126"},"modified":"2025-09-08T10:48:59","modified_gmt":"2025-09-08T10:48:59","slug":"los-correcaminos-en-travesia-de-punta-del-este","status":"publish","type":"post","link":"https:\/\/portaldeyoung.uy\/index.php\/2025\/09\/08\/los-correcaminos-en-travesia-de-punta-del-este\/","title":{"rendered":"Los correcaminos en traves\u00eda de Punta del Este"},"content":{"rendered":"\n<p>El grupo de atletas de nuestra ciudad Los Correcaminos  dan a conocer la actividad vivida en la pen\u00ednsula este\u00f1a de nuestro pa\u00eds, \u00ab&#8230;En Punta del Este una de las m\u00e1ximas fiestas del runner de nuestro pa\u00eds. Los corredores locales participaron este domingo con 4 integrantes en la marat\u00f3n, mayor distancia en carreras de calles, en tanto que otros tres atletas corrieron la media marat\u00f3n de la ciudad este\u00f1a. Adhiri\u00e9ndose a la fiesta internacional que congreg\u00f3 a m\u00e1s de 5000 corredores procedentes de 11 pa\u00edses, Valeria Sosa, Carmen Oliver, Mar\u00eda Mar\u00eda Barran y Mario Techera arribaron exitosamente a la meta de los 42 kil\u00f3metros y 195 metros, mientras que Manly Vela, Gonzalo Medina y Christian Melgarejo hicieron lo propio en la distancia de 21 kil\u00f3metros. Tras ardua preparaci\u00f3n durante varios meses.<\/p>\n\n\n\n<p> Los Correcaminos una vez m\u00e1s se consolidaron como uno de los grandes equipos de corredores del pa\u00eds, estrenando nuevos equipos en la oportunidad, siempre representando a la ciudad de Young. Es destacable la fuerza y unidad del Grupo, pues los dem\u00e1s integrantes que no pudieron estar, han apoyado siempre esta justa como la gran fiesta que es anualmente, tanto con beneficios, log\u00edstica y el propio aliento a los compa\u00f1eros&#8230;\u00bb, dice la informaci\u00f3n suministrada al <strong><em>Portal de Young<\/em><\/strong>.<\/p>\n","protected":false},"excerpt":{"rendered":"<p>El grupo de atletas de nuestra ciudad Los Correcaminos dan a conocer la actividad vivida en la pen\u00ednsula este\u00f1a de nuestro pa\u00eds, \u00ab&#8230;En Punta del<\/p>\n","protected":false},"author":1,"featured_media":3127,"comment_status":"open","ping_status":"open","sticky":false,"template":"","format":"standard","meta":{"advgb_blocks_editor_width":"","advgb_blocks_columns_visual_guide":"","footnotes":"","jetpack_publicize_message":"El grupo de atletas de nuestra ciudad Los Correcaminos dan a conocer la actividad vivida en la pen\u00ednsula este\u00f1a de ...","jetpack_publicize_feature_enabled":false,"jetpack_social_post_already_shared":false,"jetpack_social_options":{"image_generator_settings":{"template":"highway","default_image_id":0,"font":"","enabled":false},"version":2}},"categories":[5],"tags":[],"class_list":["post-3126","post","type-post","status-publish","format-standard","has-post-thumbnail","hentry","category-de-la-tribuna"],"author_meta":{"display_name":"Portal","author_link":"https:\/\/portaldeyoung.uy\/index.php\/author\/admin_port\/"},"featured_img":"https:\/\/portaldeyoung.uy\/wp-content\/uploads\/2025\/09\/correcaminos-00-300x225.png","jetpack_publicize_connections":[],"coauthors":[],"tax_additional":{"categories":{"linked":["<a href=\"https:\/\/portaldeyoung.uy\/index.php\/category\/de-la-tribuna\/\" class=\"advgb-post-tax-term\">De la tribuna<\/a>"],"unlinked":["<span class=\"advgb-post-tax-term\">De la tribuna<\/span>"]}},"comment_count":"0","relative_dates":{"created":"Publicado 8 meses hace","modified":"Actualizado 8 meses hace"},"absolute_dates":{"created":"Publicado el septiembre 8, 2025","modified":"Actualizado el septiembre 8, 2025"},"absolute_dates_time":{"created":"Publicado el septiembre 8, 2025 10:48 am","modified":"Actualizado el septiembre 8, 2025 10:48 am"},"featured_img_caption":"","series_order":"","_links":{"self":[{"href":"https:\/\/portaldeyoung.uy\/index.php\/wp-json\/wp\/v2\/posts\/3126","targetHints":{"allow":["GET"]}}],"collection":[{"href":"https:\/\/portaldeyoung.uy\/index.php\/wp-json\/wp\/v2\/posts"}],"about":[{"href":"https:\/\/portaldeyoung.uy\/index.php\/wp-json\/wp\/v2\/types\/post"}],"author":[{"embeddable":true,"href":"https:\/\/portaldeyoung.uy\/index.php\/wp-json\/wp\/v2\/users\/1"}],"replies":[{"embeddable":true,"href":"https:\/\/portaldeyoung.uy\/index.php\/wp-json\/wp\/v2\/comments?post=3126"}],"version-history":[{"count":1,"href":"https:\/\/portaldeyoung.uy\/index.php\/wp-json\/wp\/v2\/posts\/3126\/revisions"}],"predecessor-version":[{"id":3128,"href":"https:\/\/portaldeyoung.uy\/index.php\/wp-json\/wp\/v2\/posts\/3126\/revisions\/3128"}],"wp:featuredmedia":[{"embeddable":true,"href":"https:\/\/portaldeyoung.uy\/index.php\/wp-json\/wp\/v2\/media\/3127"}],"wp:attachment":[{"href":"https:\/\/portaldeyoung.uy\/index.php\/wp-json\/wp\/v2\/media?parent=3126"}],"wp:term":[{"taxonomy":"category","embeddable":true,"href":"https:\/\/portaldeyoung.uy\/index.php\/wp-json\/wp\/v2\/categories?post=3126"},{"taxonomy":"post_tag","embeddable":true,"href":"https:\/\/portaldeyoung.uy\/index.php\/wp-json\/wp\/v2\/tags?post=3126"}],"curies":[{"name":"wp","href":"https:\/\/api.w.org\/{rel}","templated":true}]}}