{"id":307,"date":"2025-06-11T08:32:13","date_gmt":"2025-06-11T08:32:13","guid":{"rendered":"https:\/\/portaldeyoung.uy\/?p=307"},"modified":"2025-06-11T08:32:33","modified_gmt":"2025-06-11T08:32:33","slug":"fallecio-el-jinete-que-fuera-apunalado-cuando-retornaba-del-desfile-por-paysandu-ciudad","status":"publish","type":"post","link":"https:\/\/portaldeyoung.uy\/index.php\/2025\/06\/11\/fallecio-el-jinete-que-fuera-apunalado-cuando-retornaba-del-desfile-por-paysandu-ciudad\/","title":{"rendered":"Falleci\u00f3 el jinete que fuera apu\u00f1alado cuando retornaba del desfile por Paysand\u00fa Ciudad"},"content":{"rendered":"\n<p>Pr\u00f3ximo a las 20.30, luego de que sus familiares pudieran ingresar al CTI para despedirse, fue anunciada la muerte de Gonzalo Daniel Gust\u00e1 Ojeda, de 29 a\u00f1os, quien fuera apu\u00f1alado por un gaucho cuando las aparcer\u00edas que participaron del desfile por Paysand\u00fa Ciudad retornaban hacia la Exposici\u00f3n Rural Feria.&nbsp;<\/p>\n\n\n\n<p>En tanto, horas antes la Justicia dispuso la formalizaci\u00f3n de la investigaci\u00f3n respecto a R.A.C.B., de 23 a\u00f1os, como presunto autor de un delito de lesiones graves especialmente agravadas.<\/p>\n\n\n\n<p>Por su parte la <strong>Justicia de Paysand\u00fa<\/strong> dispuso la <strong>formalizaci\u00f3n de la investigaci\u00f3n<\/strong> contra <strong>R.A.C.B.<\/strong>, de 23 a\u00f1os, como presunto autor de un <strong>delito de lesiones graves especialmente agravadas<\/strong>, por el hecho violento ocurrido el pasado domingo durante el regreso de las <strong>aparcer\u00edas<\/strong> tras el desfile por <strong>Paysand\u00fa Ciudad<\/strong>.<\/p>\n\n\n\n<p>Seg\u00fan se pudo establecer, al tomar el camino de retorno hacia la <strong>Exposici\u00f3n Rural Feria<\/strong>, los <strong>jinetes<\/strong> avanzaban por <strong>avenida Salto al Este<\/strong>. En el trayecto, varios participantes se detuvieron frente a un <strong>local 24 horas<\/strong>, ubicado en la esquina con <strong>Setembrino Pereda<\/strong>, donde compraron bebidas y comida.<\/p>\n\n\n\n<p>Por causas a\u00fan no aclaradas oficialmente \u2014ya que forman parte de la investigaci\u00f3n\u2014, aunque desde el entorno se indic\u00f3 que podr\u00eda tratarse de un conflicto por una mujer, se gener\u00f3 un <strong>entredicho<\/strong> entre <strong>Gonzalo Daniel Gust\u00e1 Ojeda<\/strong>, conocido como <strong>\u201cMacuca\u201d<\/strong>, oriundo de la zona de <strong>Constancia<\/strong>, y otro <strong>gaucho<\/strong>.<\/p>\n\n\n\n<p> Gust\u00e1, ya montado en su <strong>caballo<\/strong>, dio varios <strong>rebencazos<\/strong> a su contrincante y se alej\u00f3 unos metros. Fue entonces cuando el otro hombre, que llevaba un <strong>fac\u00f3n<\/strong> en la mano derecha, lo sigui\u00f3 y le <strong>amag\u00f3 una embestida<\/strong>. Al darse vuelta para retirarse, Gust\u00e1 volvi\u00f3 a atacarlo con el rebenque. En ese momento, un tercer individuo intervino en defensa de su compa\u00f1ero, agrediendo a Gust\u00e1, quien estaba montado en un <strong>tordillo<\/strong>.<\/p>\n\n\n\n<p>En medio del forcejeo, el primer agresor \u2014aquel con quien hab\u00eda iniciado la disputa\u2014 le asest\u00f3 un <strong>puntazo<\/strong> en el costado derecho. La <strong>pu\u00f1alada<\/strong> le provoc\u00f3 un <strong>profuso corte<\/strong>, comprometiendo varios <strong>\u00f3rganos internos<\/strong>.<\/p>\n\n\n\n<p>El violento episodio motiv\u00f3 la r\u00e1pida intervenci\u00f3n de la <strong>Polic\u00eda<\/strong> y de la <strong>Fiscal\u00eda de Tercer Turno<\/strong>. Como resultado de las actuaciones, <strong>R.A.C.B.<\/strong> fue identificado y posteriormente conducido a <strong>sede judicial<\/strong> en calidad de <strong>indagado<\/strong>.<\/p>\n\n\n\n<p>Durante la audiencia celebrada este martes, el <strong>Juzgado Letrado en lo Penal de Turno<\/strong> resolvi\u00f3 la <strong>formalizaci\u00f3n de la investigaci\u00f3n<\/strong> y dispuso una medida cautelar de <strong>prisi\u00f3n preventiva por 45 d\u00edas<\/strong>, mientras se contin\u00faa con las diligencias.<\/p>\n\n\n\n<p><em>*El Tel\u00e9grafo<\/em><\/p>\n","protected":false},"excerpt":{"rendered":"<p>Pr\u00f3ximo a las 20.30, luego de que sus familiares pudieran ingresar al CTI para despedirse, fue anunciada la muerte de Gonzalo Daniel Gust\u00e1 Ojeda, de<\/p>\n","protected":false},"author":1,"featured_media":0,"comment_status":"open","ping_status":"open","sticky":false,"template":"","format":"standard","meta":{"advgb_blocks_editor_width":"","advgb_blocks_columns_visual_guide":"","footnotes":"","jetpack_publicize_message":"","jetpack_publicize_feature_enabled":true,"jetpack_social_post_already_shared":true,"jetpack_social_options":{"image_generator_settings":{"template":"highway","default_image_id":0,"font":"","enabled":false},"version":2}},"categories":[7],"tags":[],"class_list":["post-307","post","type-post","status-publish","format-standard","hentry","category-del-pais"],"author_meta":{"display_name":"Portal","author_link":"https:\/\/portaldeyoung.uy\/index.php\/author\/admin_port\/"},"featured_img":null,"jetpack_publicize_connections":[],"coauthors":[],"tax_additional":{"categories":{"linked":["<a href=\"https:\/\/portaldeyoung.uy\/index.php\/category\/del-pais\/\" class=\"advgb-post-tax-term\">Del pa\u00eds<\/a>"],"unlinked":["<span class=\"advgb-post-tax-term\">Del pa\u00eds<\/span>"]}},"comment_count":"0","relative_dates":{"created":"Publicado 11 meses hace","modified":"Actualizado 11 meses hace"},"absolute_dates":{"created":"Publicado el junio 11, 2025","modified":"Actualizado el junio 11, 2025"},"absolute_dates_time":{"created":"Publicado el junio 11, 2025 8:32 am","modified":"Actualizado el junio 11, 2025 8:32 am"},"featured_img_caption":"","series_order":"","_links":{"self":[{"href":"https:\/\/portaldeyoung.uy\/index.php\/wp-json\/wp\/v2\/posts\/307","targetHints":{"allow":["GET"]}}],"collection":[{"href":"https:\/\/portaldeyoung.uy\/index.php\/wp-json\/wp\/v2\/posts"}],"about":[{"href":"https:\/\/portaldeyoung.uy\/index.php\/wp-json\/wp\/v2\/types\/post"}],"author":[{"embeddable":true,"href":"https:\/\/portaldeyoung.uy\/index.php\/wp-json\/wp\/v2\/users\/1"}],"replies":[{"embeddable":true,"href":"https:\/\/portaldeyoung.uy\/index.php\/wp-json\/wp\/v2\/comments?post=307"}],"version-history":[{"count":2,"href":"https:\/\/portaldeyoung.uy\/index.php\/wp-json\/wp\/v2\/posts\/307\/revisions"}],"predecessor-version":[{"id":310,"href":"https:\/\/portaldeyoung.uy\/index.php\/wp-json\/wp\/v2\/posts\/307\/revisions\/310"}],"wp:attachment":[{"href":"https:\/\/portaldeyoung.uy\/index.php\/wp-json\/wp\/v2\/media?parent=307"}],"wp:term":[{"taxonomy":"category","embeddable":true,"href":"https:\/\/portaldeyoung.uy\/index.php\/wp-json\/wp\/v2\/categories?post=307"},{"taxonomy":"post_tag","embeddable":true,"href":"https:\/\/portaldeyoung.uy\/index.php\/wp-json\/wp\/v2\/tags?post=307"}],"curies":[{"name":"wp","href":"https:\/\/api.w.org\/{rel}","templated":true}]}}