{"id":3055,"date":"2025-09-05T16:55:14","date_gmt":"2025-09-05T16:55:14","guid":{"rendered":"https:\/\/portaldeyoung.uy\/?p=3055"},"modified":"2025-09-05T16:55:17","modified_gmt":"2025-09-05T16:55:17","slug":"rehabilitacion-urbana-en-san-javier","status":"publish","type":"post","link":"https:\/\/portaldeyoung.uy\/index.php\/2025\/09\/05\/rehabilitacion-urbana-en-san-javier\/","title":{"rendered":"Rehabilitaci\u00f3n urbana en San Javier"},"content":{"rendered":"\n<p><strong>Una nueva familia de San Javier accede al Programa de Rehabilitaci\u00f3n Urbana, a trav\u00e9s del convenio entre el MVOT y la Intendencia de R\u00edo Negro.<\/strong><\/p>\n\n\n\n<p>La firma de este acuerdo permitir\u00e1 que la familia pueda realizar mejoras significativas en su vivienda: cielorraso con aislaci\u00f3n t\u00e9rmica, nueva instalaci\u00f3n el\u00e9ctrica, pintura de fachada, entre otras intervenciones que har\u00e1n realidad un sue\u00f1o largamente esperado.<\/p>\n\n\n\n<p>El programa ofrece un pr\u00e9stamo accesible y con facilidades, reembolsable en hasta 60 cuotas, lo que posibilita que m\u00e1s familias puedan transformar sus hogares y mejorar su calidad de vida.<\/p>\n\n\n\n<p><em>*Comunicaci\u00f3n IRN<\/em><\/p>\n","protected":false},"excerpt":{"rendered":"<p>Una nueva familia de San Javier accede al Programa de Rehabilitaci\u00f3n Urbana, a trav\u00e9s del convenio entre el MVOT y la Intendencia de R\u00edo Negro.<\/p>\n","protected":false},"author":1,"featured_media":3056,"comment_status":"open","ping_status":"open","sticky":false,"template":"","format":"standard","meta":{"advgb_blocks_editor_width":"","advgb_blocks_columns_visual_guide":"","footnotes":"","jetpack_publicize_message":"","jetpack_publicize_feature_enabled":true,"jetpack_social_post_already_shared":true,"jetpack_social_options":{"image_generator_settings":{"template":"highway","default_image_id":0,"font":"","enabled":false},"version":2}},"categories":[6],"tags":[],"class_list":["post-3055","post","type-post","status-publish","format-standard","has-post-thumbnail","hentry","category-del-departamento"],"author_meta":{"display_name":"Portal","author_link":"https:\/\/portaldeyoung.uy\/index.php\/author\/admin_port\/"},"featured_img":"https:\/\/portaldeyoung.uy\/wp-content\/uploads\/2025\/09\/rehabilitacion-san-javier-300x169.jpg","jetpack_publicize_connections":[],"coauthors":[],"tax_additional":{"categories":{"linked":["<a href=\"https:\/\/portaldeyoung.uy\/index.php\/category\/del-departamento\/\" class=\"advgb-post-tax-term\">Del departamento<\/a>"],"unlinked":["<span class=\"advgb-post-tax-term\">Del departamento<\/span>"]}},"comment_count":"0","relative_dates":{"created":"Publicado 8 meses hace","modified":"Actualizado 8 meses hace"},"absolute_dates":{"created":"Publicado el septiembre 5, 2025","modified":"Actualizado el septiembre 5, 2025"},"absolute_dates_time":{"created":"Publicado el septiembre 5, 2025 4:55 pm","modified":"Actualizado el septiembre 5, 2025 4:55 pm"},"featured_img_caption":"","series_order":"","_links":{"self":[{"href":"https:\/\/portaldeyoung.uy\/index.php\/wp-json\/wp\/v2\/posts\/3055","targetHints":{"allow":["GET"]}}],"collection":[{"href":"https:\/\/portaldeyoung.uy\/index.php\/wp-json\/wp\/v2\/posts"}],"about":[{"href":"https:\/\/portaldeyoung.uy\/index.php\/wp-json\/wp\/v2\/types\/post"}],"author":[{"embeddable":true,"href":"https:\/\/portaldeyoung.uy\/index.php\/wp-json\/wp\/v2\/users\/1"}],"replies":[{"embeddable":true,"href":"https:\/\/portaldeyoung.uy\/index.php\/wp-json\/wp\/v2\/comments?post=3055"}],"version-history":[{"count":1,"href":"https:\/\/portaldeyoung.uy\/index.php\/wp-json\/wp\/v2\/posts\/3055\/revisions"}],"predecessor-version":[{"id":3057,"href":"https:\/\/portaldeyoung.uy\/index.php\/wp-json\/wp\/v2\/posts\/3055\/revisions\/3057"}],"wp:featuredmedia":[{"embeddable":true,"href":"https:\/\/portaldeyoung.uy\/index.php\/wp-json\/wp\/v2\/media\/3056"}],"wp:attachment":[{"href":"https:\/\/portaldeyoung.uy\/index.php\/wp-json\/wp\/v2\/media?parent=3055"}],"wp:term":[{"taxonomy":"category","embeddable":true,"href":"https:\/\/portaldeyoung.uy\/index.php\/wp-json\/wp\/v2\/categories?post=3055"},{"taxonomy":"post_tag","embeddable":true,"href":"https:\/\/portaldeyoung.uy\/index.php\/wp-json\/wp\/v2\/tags?post=3055"}],"curies":[{"name":"wp","href":"https:\/\/api.w.org\/{rel}","templated":true}]}}