{"id":3052,"date":"2025-09-05T16:46:34","date_gmt":"2025-09-05T16:46:34","guid":{"rendered":"https:\/\/portaldeyoung.uy\/?p=3052"},"modified":"2025-09-05T16:47:13","modified_gmt":"2025-09-05T16:47:13","slug":"maraton-de-la-fundacion-perez-scremini-se-realiza-en-la-capital-departamental","status":"publish","type":"post","link":"https:\/\/portaldeyoung.uy\/index.php\/2025\/09\/05\/maraton-de-la-fundacion-perez-scremini-se-realiza-en-la-capital-departamental\/","title":{"rendered":"Marat\u00f3n de la Fundaci\u00f3n P\u00e9rez Scremini se realiza en la capital departamental"},"content":{"rendered":"\n<p>La Fundaci\u00f3n P\u00e9rez Scremini realizar\u00e1 por primera vez en Fray Bentos su marat\u00f3n ben\u00e9fica, el pr\u00f3ximo 21 de septiembre, con el objetivo de recaudar fondos para la lucha contra el c\u00e1ncer infantil y adolescente.<\/p>\n\n\n\n<p>Las inscripciones ya est\u00e1n abiertas en todos los locales de Abitab del pa\u00eds y a trav\u00e9s de la plataforma Red Tickets. El costo es de $750 e incluye una camiseta oficial y un kit con productos de marcas colaboradoras.<\/p>\n\n\n\n<p>El evento tendr\u00e1 como punto de partida el Teatro de Verano, desde donde los corredores recorrer\u00e1n la Rambla Costanera en circuitos de 1 km, 5 km y 10 km. La largada est\u00e1 prevista para las 10:00 horas. La jornada contar\u00e1 con la participaci\u00f3n de la Banda Orquesta Municipal, que ofrecer\u00e1 m\u00fasica en vivo durante el evento y un recital de cierre como broche final de esta gran fiesta solidaria.<\/p>\n\n\n\n<p>La Fundaci\u00f3n P\u00e9rez Scremini atiende cada a\u00f1o a m\u00e1s de 1.300 ni\u00f1os y adolescentes, representando el 70% de los casos de c\u00e1ncer infantil en Uruguay. La cifra de pacientes se mantiene estable a\u00f1o a a\u00f1o, con entre 120 y 130 nuevos casos anuales, de los cuales la mitad proviene del interior del pa\u00eds. Uno de cada tres pacientes atendidos padece leucemia, el tipo de c\u00e1ncer m\u00e1s frecuente en la infancia.<\/p>\n\n\n\n<p>La organizaci\u00f3n es un centro de referencia internacional, con la mejor tasa de sobrevida de la regi\u00f3n, superando el 80% de los casos curados. Funciona como un sistema p\u00fablico y totalmente gratuito, garantizando diagn\u00f3stico, tratamiento en hematolog\u00eda y trasplantes de m\u00e9dula \u00f3sea a todos los ni\u00f1os y adolescentes que lo necesitan. Su presupuesto anual asciende a 7 millones de d\u00f3lares, de los cuales el 38% es financiado por ASSE y el resto proviene de la colaboraci\u00f3n de empresas y del apoyo del p\u00fablico en general.<\/p>\n\n\n\n<p>La marat\u00f3n ser\u00e1 una oportunidad \u00fanica para que la comunidad fraybentina se una a esta noble causa y conozca m\u00e1s de cerca el impacto del trabajo que realiza la fundaci\u00f3n en beneficio de tantas familias en todo el pa\u00eds.<\/p>\n","protected":false},"excerpt":{"rendered":"<p>La Fundaci\u00f3n P\u00e9rez Scremini realizar\u00e1 por primera vez en Fray Bentos su marat\u00f3n ben\u00e9fica, el pr\u00f3ximo 21 de septiembre, con el objetivo de recaudar fondos<\/p>\n","protected":false},"author":1,"featured_media":3053,"comment_status":"open","ping_status":"open","sticky":false,"template":"","format":"standard","meta":{"advgb_blocks_editor_width":"","advgb_blocks_columns_visual_guide":"","footnotes":"","jetpack_publicize_message":"La Fundaci\u00f3n P\u00e9rez Scremini realizar\u00e1 por primera vez en Fray Bentos su marat\u00f3n ben\u00e9fica, el pr\u00f3ximo ...","jetpack_publicize_feature_enabled":false,"jetpack_social_post_already_shared":false,"jetpack_social_options":{"image_generator_settings":{"template":"highway","default_image_id":0,"font":"","enabled":false},"version":2}},"categories":[6],"tags":[],"class_list":["post-3052","post","type-post","status-publish","format-standard","has-post-thumbnail","hentry","category-del-departamento"],"author_meta":{"display_name":"Portal","author_link":"https:\/\/portaldeyoung.uy\/index.php\/author\/admin_port\/"},"featured_img":"https:\/\/portaldeyoung.uy\/wp-content\/uploads\/2025\/09\/perez-scremini-300x200.jpg","jetpack_publicize_connections":[],"coauthors":[],"tax_additional":{"categories":{"linked":["<a href=\"https:\/\/portaldeyoung.uy\/index.php\/category\/del-departamento\/\" class=\"advgb-post-tax-term\">Del departamento<\/a>"],"unlinked":["<span class=\"advgb-post-tax-term\">Del departamento<\/span>"]}},"comment_count":"0","relative_dates":{"created":"Publicado 8 meses hace","modified":"Actualizado 8 meses hace"},"absolute_dates":{"created":"Publicado el septiembre 5, 2025","modified":"Actualizado el septiembre 5, 2025"},"absolute_dates_time":{"created":"Publicado el septiembre 5, 2025 4:46 pm","modified":"Actualizado el septiembre 5, 2025 4:47 pm"},"featured_img_caption":"","series_order":"","_links":{"self":[{"href":"https:\/\/portaldeyoung.uy\/index.php\/wp-json\/wp\/v2\/posts\/3052","targetHints":{"allow":["GET"]}}],"collection":[{"href":"https:\/\/portaldeyoung.uy\/index.php\/wp-json\/wp\/v2\/posts"}],"about":[{"href":"https:\/\/portaldeyoung.uy\/index.php\/wp-json\/wp\/v2\/types\/post"}],"author":[{"embeddable":true,"href":"https:\/\/portaldeyoung.uy\/index.php\/wp-json\/wp\/v2\/users\/1"}],"replies":[{"embeddable":true,"href":"https:\/\/portaldeyoung.uy\/index.php\/wp-json\/wp\/v2\/comments?post=3052"}],"version-history":[{"count":1,"href":"https:\/\/portaldeyoung.uy\/index.php\/wp-json\/wp\/v2\/posts\/3052\/revisions"}],"predecessor-version":[{"id":3054,"href":"https:\/\/portaldeyoung.uy\/index.php\/wp-json\/wp\/v2\/posts\/3052\/revisions\/3054"}],"wp:featuredmedia":[{"embeddable":true,"href":"https:\/\/portaldeyoung.uy\/index.php\/wp-json\/wp\/v2\/media\/3053"}],"wp:attachment":[{"href":"https:\/\/portaldeyoung.uy\/index.php\/wp-json\/wp\/v2\/media?parent=3052"}],"wp:term":[{"taxonomy":"category","embeddable":true,"href":"https:\/\/portaldeyoung.uy\/index.php\/wp-json\/wp\/v2\/categories?post=3052"},{"taxonomy":"post_tag","embeddable":true,"href":"https:\/\/portaldeyoung.uy\/index.php\/wp-json\/wp\/v2\/tags?post=3052"}],"curies":[{"name":"wp","href":"https:\/\/api.w.org\/{rel}","templated":true}]}}