{"id":3047,"date":"2025-09-05T16:42:28","date_gmt":"2025-09-05T16:42:28","guid":{"rendered":"https:\/\/portaldeyoung.uy\/?p=3047"},"modified":"2025-09-05T16:43:07","modified_gmt":"2025-09-05T16:43:07","slug":"tradicion-e-innovacion-en-la-120a-expo-rural-del-prado","status":"publish","type":"post","link":"https:\/\/portaldeyoung.uy\/index.php\/2025\/09\/05\/tradicion-e-innovacion-en-la-120a-expo-rural-del-prado\/","title":{"rendered":"Tradici\u00f3n e innovaci\u00f3n en la 120\u00aa Expo Rural del Prado"},"content":{"rendered":"\n<p>Las tradiciones rurales y las innovaciones tecnol\u00f3gicas volver\u00e1n a encontrarse en la 120\u00aa Exposici\u00f3n Agropecuaria Rural del Prado de Montevideo, la principal feria ganadera y agroindustrial del pa\u00eds, que ir\u00e1 del 5 al 14 de setiembre y que reunir\u00e1 este a\u00f1o a m\u00e1s de 650 expositores.<\/p>\n\n\n\n<p>El evento que desde 1905, cada setiembre, invita al p\u00fablico a conocer en su tradicional predio ferial del barrio Prado de la capital las diversas razas bovinas, ovinas y equinas criadas en el pa\u00eds, as\u00ed como a participar de diversas actividades, que a partir de este viernes celebrar\u00e1 su cent\u00e9sima vig\u00e9sima edici\u00f3n.<\/p>\n\n\n\n<p>De acuerdo con el programa oficial de la exposici\u00f3n internacional organizada por la Asociaci\u00f3n Rural del Uruguay (ARU), este a\u00f1o en el evento se exhibir\u00e1n m\u00e1s de 2.000 animales de gen\u00e9tica superior, \u00abde m\u00e1s de 50 razas\u00bb, y habr\u00e1 m\u00e1s de 650 expositores en los diversos estands y pabellones feriales, as\u00ed como un ciclo de conferencias y charlas con la participaci\u00f3n de expertos uruguayos y extranjeros.<\/p>\n\n\n\n<p>Entre otras actividades, la exposici\u00f3n acoger\u00e1 el cuarto Encuentro Nacional de Tejedoras y la cuarta edici\u00f3n del conversatorio &#8216;Di\u00e1logos y saberes, mujeres rurales en el agro&#8217;, as\u00ed como el cuarto Encuentro de Tropillas &#8216;Lalo Perezutti&#8217;.<\/p>\n\n\n\n<p>Contar\u00e1 en su escenario Plaza Prado con una programaci\u00f3n de espect\u00e1culos a cargo de 22 artistas de g\u00e9neros como la m\u00fasica folcl\u00f3rica, la balada y la cumbia.<\/p>\n\n\n\n<p>Consultado por la Agencia EFE, el presidente de la ARU, Rafael Ferber, destac\u00f3 que para esta edici\u00f3n los objetivos de la feria ser\u00e1n \u00ablos mismos de siempre\u00bb, es decir, \u00abla difusi\u00f3n del sector agropecuario\u00bb y de \u00abla vida rural\u00bb uniendo los \u00abmundos\u00bb del campo y la ciudad.<\/p>\n\n\n\n<p>En tanto, dijo esperar que haya una afluencia de p\u00fablico acorde a la de ediciones anteriores, lo que, acot\u00f3, depender\u00e1 de si el clima es amigable, pues ese ha sido hist\u00f3ricamente el factor m\u00e1s influyente.<\/p>\n\n\n\n<p>Ferber apunt\u00f3 que el sector agroexportador del pa\u00eds est\u00e1 hoy en una posici\u00f3n \u00abprivilegiada\u00bb respecto a sus competidores.<\/p>\n\n\n\n<p>\u00abEstamos pudiendo llegar a la mayor\u00eda de los lugares y comerciar con todo el mundo, que es un trabajo que (&#8230;) hay que apoyarlo, darle contenido y no perder la l\u00ednea, no quedar involucrado en confrontaciones de otros. Esa es nuestra visi\u00f3n y creemos que el Gobierno lo est\u00e1 llevando adelante\u00bb, opin\u00f3.<\/p>\n\n\n\n<p>Por otro lado, valor\u00f3 que si bien el de la Uni\u00f3n Europea (UE) es un mercado \u00abmuy importante\u00bb, la ARU esperar\u00e1 a su concreci\u00f3n para valorar el ya cercano a una ratificaci\u00f3n final acuerdo entre el Mercosur y la UE, que, puntualiz\u00f3, hoy cree que beneficia m\u00e1s a los europeos y por ende ellos deben \u00abaccionar para concretarlo\u00bb.<\/p>\n\n\n\n<p><a href=\"https:\/\/www.expoprado.com\/\">Acceder a la p\u00e1gina oficial de la Expo Prado<\/a><\/p>\n\n\n\n<p>*<em>Texto: EFE &#8211; Foto: Mauricio Zina\/AdhocFotos<\/em><\/p>\n","protected":false},"excerpt":{"rendered":"<p>Las tradiciones rurales y las innovaciones tecnol\u00f3gicas volver\u00e1n a encontrarse en la 120\u00aa Exposici\u00f3n Agropecuaria Rural del Prado de Montevideo, la principal feria ganadera y<\/p>\n","protected":false},"author":1,"featured_media":3048,"comment_status":"open","ping_status":"open","sticky":false,"template":"","format":"standard","meta":{"advgb_blocks_editor_width":"","advgb_blocks_columns_visual_guide":"","footnotes":"","jetpack_publicize_message":"Las tradiciones rurales y las innovaciones tecnol\u00f3gicas volver\u00e1n a encontrarse en la 120\u00aa Exposici\u00f3n Agropecuaria Rural del ...","jetpack_publicize_feature_enabled":false,"jetpack_social_post_already_shared":false,"jetpack_social_options":{"image_generator_settings":{"template":"highway","default_image_id":0,"font":"","enabled":false},"version":2}},"categories":[7],"tags":[],"class_list":["post-3047","post","type-post","status-publish","format-standard","has-post-thumbnail","hentry","category-del-pais"],"author_meta":{"display_name":"Portal","author_link":"https:\/\/portaldeyoung.uy\/index.php\/author\/admin_port\/"},"featured_img":"https:\/\/portaldeyoung.uy\/wp-content\/uploads\/2025\/09\/exposicion-prado-300x147.png","jetpack_publicize_connections":[],"coauthors":[],"tax_additional":{"categories":{"linked":["<a href=\"https:\/\/portaldeyoung.uy\/index.php\/category\/del-pais\/\" class=\"advgb-post-tax-term\">Del pa\u00eds<\/a>"],"unlinked":["<span class=\"advgb-post-tax-term\">Del pa\u00eds<\/span>"]}},"comment_count":"0","relative_dates":{"created":"Publicado 8 meses hace","modified":"Actualizado 8 meses hace"},"absolute_dates":{"created":"Publicado el septiembre 5, 2025","modified":"Actualizado el septiembre 5, 2025"},"absolute_dates_time":{"created":"Publicado el septiembre 5, 2025 4:42 pm","modified":"Actualizado el septiembre 5, 2025 4:43 pm"},"featured_img_caption":"","series_order":"","_links":{"self":[{"href":"https:\/\/portaldeyoung.uy\/index.php\/wp-json\/wp\/v2\/posts\/3047","targetHints":{"allow":["GET"]}}],"collection":[{"href":"https:\/\/portaldeyoung.uy\/index.php\/wp-json\/wp\/v2\/posts"}],"about":[{"href":"https:\/\/portaldeyoung.uy\/index.php\/wp-json\/wp\/v2\/types\/post"}],"author":[{"embeddable":true,"href":"https:\/\/portaldeyoung.uy\/index.php\/wp-json\/wp\/v2\/users\/1"}],"replies":[{"embeddable":true,"href":"https:\/\/portaldeyoung.uy\/index.php\/wp-json\/wp\/v2\/comments?post=3047"}],"version-history":[{"count":2,"href":"https:\/\/portaldeyoung.uy\/index.php\/wp-json\/wp\/v2\/posts\/3047\/revisions"}],"predecessor-version":[{"id":3050,"href":"https:\/\/portaldeyoung.uy\/index.php\/wp-json\/wp\/v2\/posts\/3047\/revisions\/3050"}],"wp:featuredmedia":[{"embeddable":true,"href":"https:\/\/portaldeyoung.uy\/index.php\/wp-json\/wp\/v2\/media\/3048"}],"wp:attachment":[{"href":"https:\/\/portaldeyoung.uy\/index.php\/wp-json\/wp\/v2\/media?parent=3047"}],"wp:term":[{"taxonomy":"category","embeddable":true,"href":"https:\/\/portaldeyoung.uy\/index.php\/wp-json\/wp\/v2\/categories?post=3047"},{"taxonomy":"post_tag","embeddable":true,"href":"https:\/\/portaldeyoung.uy\/index.php\/wp-json\/wp\/v2\/tags?post=3047"}],"curies":[{"name":"wp","href":"https:\/\/api.w.org\/{rel}","templated":true}]}}