{"id":3042,"date":"2025-09-05T16:31:18","date_gmt":"2025-09-05T16:31:18","guid":{"rendered":"https:\/\/portaldeyoung.uy\/?p=3042"},"modified":"2025-09-05T16:31:54","modified_gmt":"2025-09-05T16:31:54","slug":"empieza-la-expo-prado-2025-precios-de-las-entradas-y-artistas-musicales-destacados","status":"publish","type":"post","link":"https:\/\/portaldeyoung.uy\/index.php\/2025\/09\/05\/empieza-la-expo-prado-2025-precios-de-las-entradas-y-artistas-musicales-destacados\/","title":{"rendered":"Empieza la Expo Prado 2025: precios de las entradas y artistas musicales destacados"},"content":{"rendered":"\n<p>Este viernes 5 de setiembre inicia una nueva exposici\u00f3n en la Rural del Prado, que incluye actividades familiares y espect\u00e1culos musicales.<\/p>\n\n\n\n<p><strong>Este viernes 5 de setiembre se inaugura la Expo Prado 2025<\/strong> y, como es usual, habr\u00e1 diversas actividades culturales y de entretenimiento. Los eventos para toda la familia van desde la danza, pabellones de varios organismos y embajadas, hasta degustaciones gastron\u00f3micas y exposiciones de animales.<a href=\"https:\/\/vdo.ai\/contact?utm_medium=video&amp;utm_term=montevideo.com.uy&amp;utm_source=vdoai_logo\" target=\"_blank\" rel=\"noreferrer noopener\"><\/a><\/p>\n\n\n\n<p><strong>\u00bfCu\u00e1ndo ser\u00e1?<\/strong><\/p>\n\n\n\n<p>La expo va desde el viernes 5 al domingo 14 de setiembre, inclusive.<\/p>\n\n\n\n<p><strong>\u00bfD\u00f3nde se realiza?<\/strong><\/p>\n\n\n\n<p>Como todos los a\u00f1os, se hace en el predio de la Asociaci\u00f3n Rural del Uruguay (ARU), ubicado en <strong>Lucas Obes 1011, esquina 19 de Abril<\/strong>.<\/p>\n\n\n\n<p><strong>\u00bfQu\u00e9 precio tienen las entradas?<\/strong><\/p>\n\n\n\n<p>La entrada general para los d\u00edas de lunes a viernes cuesta $ 390 en las boleter\u00edas del predio o $ 340 si se compra a trav\u00e9s de su p\u00e1gina web o de Abitab.<\/p>\n\n\n\n<p>La entrada general para s\u00e1bado y domingo cuesta $ 440 y $ 390, respectivamente.<\/p>\n\n\n\n<p>Los menores de 10 a\u00f1os entran gratis y para los mayores de 65 la entrada cuesta $ 250, \u00fanicamente los lunes y martes.<\/p>\n\n\n\n<p>Los usuarios de Banco Rep\u00fablica y Santander cuentan con un 20% de descuento.<\/p>\n\n\n\n<p><strong>\u00bfCu\u00e1nto cuestan las entradas para Plaza Prado?<\/strong><\/p>\n\n\n\n<p>Como es tradicional cada a\u00f1o, durante la noche habr\u00e1 m\u00fasica en vivo en\u00a0<strong>Plaza Prado<\/strong>. Se presentar\u00e1n artistas nacionales destacados como Chacho Ramos, The La Planta y La Nueva Escuela.<\/p>\n\n\n\n<p>Las entradas var\u00edan seg\u00fan el d\u00eda (el m\u00e1s caro es el viernes) y se pueden conseguir <a href=\"https:\/\/entradas.abitab.com.uy\/evento\/Plaza-Prado-2025--2927\" target=\"_blank\" rel=\"noreferrer noopener\">aqu\u00ed<\/a>. El precio m\u00e1s barato es de $ 550 y el m\u00e1s caro, de $ 800.<\/p>\n\n\n\n<p>El&nbsp;<strong>acceso es \u00fanicamente por la calle Atilio Pelossi a partir de las 20:00 h<\/strong>.<\/p>\n\n\n\n<p>Las entradas adquiridas para&nbsp;<strong>Plaza Prado no son v\u00e1lidas<\/strong>&nbsp;para ingresar a la Rural del Prado.<\/p>\n\n\n\n<p>*<em>Montevideo Portal<\/em><\/p>\n","protected":false},"excerpt":{"rendered":"<p>Este viernes 5 de setiembre inicia una nueva exposici\u00f3n en la Rural del Prado, que incluye actividades familiares y espect\u00e1culos musicales. Este viernes 5 de<\/p>\n","protected":false},"author":1,"featured_media":3043,"comment_status":"open","ping_status":"open","sticky":false,"template":"","format":"standard","meta":{"advgb_blocks_editor_width":"","advgb_blocks_columns_visual_guide":"","footnotes":"","jetpack_publicize_message":"Este viernes 5 de setiembre inicia una nueva exposici\u00f3n en la Rural del Prado, que incluye actividades familiares y espect\u00e1culos musicales...","jetpack_publicize_feature_enabled":false,"jetpack_social_post_already_shared":false,"jetpack_social_options":{"image_generator_settings":{"template":"highway","default_image_id":0,"font":"","enabled":false},"version":2}},"categories":[7],"tags":[],"class_list":["post-3042","post","type-post","status-publish","format-standard","has-post-thumbnail","hentry","category-del-pais"],"author_meta":{"display_name":"Portal","author_link":"https:\/\/portaldeyoung.uy\/index.php\/author\/admin_port\/"},"featured_img":"https:\/\/portaldeyoung.uy\/wp-content\/uploads\/2025\/09\/expo-prado-300x200.jpeg","jetpack_publicize_connections":[],"coauthors":[],"tax_additional":{"categories":{"linked":["<a href=\"https:\/\/portaldeyoung.uy\/index.php\/category\/del-pais\/\" class=\"advgb-post-tax-term\">Del pa\u00eds<\/a>"],"unlinked":["<span class=\"advgb-post-tax-term\">Del pa\u00eds<\/span>"]}},"comment_count":"0","relative_dates":{"created":"Publicado 8 meses hace","modified":"Actualizado 8 meses hace"},"absolute_dates":{"created":"Publicado el septiembre 5, 2025","modified":"Actualizado el septiembre 5, 2025"},"absolute_dates_time":{"created":"Publicado el septiembre 5, 2025 4:31 pm","modified":"Actualizado el septiembre 5, 2025 4:31 pm"},"featured_img_caption":"","series_order":"","_links":{"self":[{"href":"https:\/\/portaldeyoung.uy\/index.php\/wp-json\/wp\/v2\/posts\/3042","targetHints":{"allow":["GET"]}}],"collection":[{"href":"https:\/\/portaldeyoung.uy\/index.php\/wp-json\/wp\/v2\/posts"}],"about":[{"href":"https:\/\/portaldeyoung.uy\/index.php\/wp-json\/wp\/v2\/types\/post"}],"author":[{"embeddable":true,"href":"https:\/\/portaldeyoung.uy\/index.php\/wp-json\/wp\/v2\/users\/1"}],"replies":[{"embeddable":true,"href":"https:\/\/portaldeyoung.uy\/index.php\/wp-json\/wp\/v2\/comments?post=3042"}],"version-history":[{"count":1,"href":"https:\/\/portaldeyoung.uy\/index.php\/wp-json\/wp\/v2\/posts\/3042\/revisions"}],"predecessor-version":[{"id":3044,"href":"https:\/\/portaldeyoung.uy\/index.php\/wp-json\/wp\/v2\/posts\/3042\/revisions\/3044"}],"wp:featuredmedia":[{"embeddable":true,"href":"https:\/\/portaldeyoung.uy\/index.php\/wp-json\/wp\/v2\/media\/3043"}],"wp:attachment":[{"href":"https:\/\/portaldeyoung.uy\/index.php\/wp-json\/wp\/v2\/media?parent=3042"}],"wp:term":[{"taxonomy":"category","embeddable":true,"href":"https:\/\/portaldeyoung.uy\/index.php\/wp-json\/wp\/v2\/categories?post=3042"},{"taxonomy":"post_tag","embeddable":true,"href":"https:\/\/portaldeyoung.uy\/index.php\/wp-json\/wp\/v2\/tags?post=3042"}],"curies":[{"name":"wp","href":"https:\/\/api.w.org\/{rel}","templated":true}]}}