{"id":3015,"date":"2025-09-04T10:04:00","date_gmt":"2025-09-04T10:04:00","guid":{"rendered":"https:\/\/portaldeyoung.uy\/?p=3015"},"modified":"2025-09-04T10:04:41","modified_gmt":"2025-09-04T10:04:41","slug":"este-viernes-comienza-la-fecha-13-del-clasificatorio-de-afy","status":"publish","type":"post","link":"https:\/\/portaldeyoung.uy\/index.php\/2025\/09\/04\/este-viernes-comienza-la-fecha-13-del-clasificatorio-de-afy\/","title":{"rendered":"Este viernes comienza la fecha 13 del clasificatorio de AFY"},"content":{"rendered":"\n<p>Este viernes 5 de setiembre dar\u00e1 inicio la <strong>fecha n\u00famero 13 del Torneo Clasificatorio de la Asociaci\u00f3n del F\u00fatbol de Young (AFY)<\/strong>, certamen que lidera el <strong>Club San Lorenzo<\/strong> y que definir\u00e1 a los seis equipos que avanzar\u00e1n a los denominados <em>play off<\/em>.<\/p>\n\n\n\n<p>\ud83d\udcc5 <strong>Programaci\u00f3n de la fecha 13<\/strong><\/p>\n\n\n\n<p>\ud83d\udccd <strong>Viernes 5 \u2013 Estadio Lavalleja<\/strong><\/p>\n\n\n\n<ul class=\"wp-block-list\">\n<li>20:00 \ud83d\udc49 San Lorenzo vs. San Jos\u00e9<\/li>\n\n\n\n<li>22:00 \ud83d\udc49 El Tr\u00e9bol vs. River Plate<\/li>\n<\/ul>\n\n\n\n<p>\ud83d\udccd <strong>Domingo 7 \u2013 Parque 27 de Julio<\/strong><\/p>\n\n\n\n<ul class=\"wp-block-list\">\n<li>13:00 \ud83d\udc49 San Javier vs. Pe\u00f1arol<\/li>\n<\/ul>\n\n\n\n<p>\ud83d\udccd <strong>Domingo 7 \u2013 Parque Ugarte<\/strong><\/p>\n\n\n\n<ul class=\"wp-block-list\">\n<li>14:00 \ud83d\udc49 Nacional vs. Atlanta (Sub 17)<\/li>\n\n\n\n<li>16:00 \ud83d\udc49 Nacional vs. Atlanta (Absoluta)<\/li>\n<\/ul>\n\n\n\n<p>\ud83d\udccd <strong>Domingo 7 \u2013 Complejo de Ferrocarril<\/strong><\/p>\n\n\n\n<ul class=\"wp-block-list\">\n<li>14:00 \ud83d\udc49 Ferrocarril vs. Uni\u00f3n (Sub 17)<\/li>\n\n\n\n<li>16:00 \ud83d\udc49 Ferrocarril vs. Uni\u00f3n (Absoluta)<\/li>\n<\/ul>\n\n\n\n<p>\ud83c\udfc6 En paralelo, las <strong>selecciones de Young Sub 14 y Sub 15<\/strong> recibir\u00e1n este s\u00e1bado a <strong>Paysand\u00fa<\/strong>, por la llave del <strong>Campeonato Nacional de Selecciones de OFI<\/strong>.<\/p>\n\n\n\n<p>\ud83d\udcca <strong>Posiciones actuales:<\/strong><\/p>\n\n\n\n<ul class=\"wp-block-list\">\n<li><strong>Sub 14:<\/strong> Salto 8 pts, Paysand\u00fa 4, Young 1.<\/li>\n\n\n\n<li><strong>Sub 15:<\/strong> Salto 15 pts, Paysand\u00fa 9, Young 6, Pueblo Lavalleja 0.<\/li>\n<\/ul>\n\n\n\n<p><\/p>\n","protected":false},"excerpt":{"rendered":"<p>Este viernes 5 de setiembre dar\u00e1 inicio la fecha n\u00famero 13 del Torneo Clasificatorio de la Asociaci\u00f3n del F\u00fatbol de Young (AFY), certamen que lidera<\/p>\n","protected":false},"author":1,"featured_media":1224,"comment_status":"open","ping_status":"open","sticky":false,"template":"","format":"standard","meta":{"advgb_blocks_editor_width":"","advgb_blocks_columns_visual_guide":"","footnotes":"","jetpack_publicize_message":"Este viernes 5 de setiembre dar\u00e1 inicio la fecha n\u00famero 13 del Torneo Clasificatorio de la Asociaci\u00f3n del F\u00fatbol de ...","jetpack_publicize_feature_enabled":false,"jetpack_social_post_already_shared":false,"jetpack_social_options":{"image_generator_settings":{"template":"highway","default_image_id":0,"font":"","enabled":false},"version":2}},"categories":[5],"tags":[],"class_list":["post-3015","post","type-post","status-publish","format-standard","has-post-thumbnail","hentry","category-de-la-tribuna"],"author_meta":{"display_name":"Portal","author_link":"https:\/\/portaldeyoung.uy\/index.php\/author\/admin_port\/"},"featured_img":"https:\/\/portaldeyoung.uy\/wp-content\/uploads\/2025\/07\/pelota-futbol-300x225.jpg","jetpack_publicize_connections":[],"coauthors":[],"tax_additional":{"categories":{"linked":["<a href=\"https:\/\/portaldeyoung.uy\/index.php\/category\/de-la-tribuna\/\" class=\"advgb-post-tax-term\">De la tribuna<\/a>"],"unlinked":["<span class=\"advgb-post-tax-term\">De la tribuna<\/span>"]}},"comment_count":"0","relative_dates":{"created":"Publicado 8 meses hace","modified":"Actualizado 8 meses hace"},"absolute_dates":{"created":"Publicado el septiembre 4, 2025","modified":"Actualizado el septiembre 4, 2025"},"absolute_dates_time":{"created":"Publicado el septiembre 4, 2025 10:04 am","modified":"Actualizado el septiembre 4, 2025 10:04 am"},"featured_img_caption":"","series_order":"","_links":{"self":[{"href":"https:\/\/portaldeyoung.uy\/index.php\/wp-json\/wp\/v2\/posts\/3015","targetHints":{"allow":["GET"]}}],"collection":[{"href":"https:\/\/portaldeyoung.uy\/index.php\/wp-json\/wp\/v2\/posts"}],"about":[{"href":"https:\/\/portaldeyoung.uy\/index.php\/wp-json\/wp\/v2\/types\/post"}],"author":[{"embeddable":true,"href":"https:\/\/portaldeyoung.uy\/index.php\/wp-json\/wp\/v2\/users\/1"}],"replies":[{"embeddable":true,"href":"https:\/\/portaldeyoung.uy\/index.php\/wp-json\/wp\/v2\/comments?post=3015"}],"version-history":[{"count":1,"href":"https:\/\/portaldeyoung.uy\/index.php\/wp-json\/wp\/v2\/posts\/3015\/revisions"}],"predecessor-version":[{"id":3016,"href":"https:\/\/portaldeyoung.uy\/index.php\/wp-json\/wp\/v2\/posts\/3015\/revisions\/3016"}],"wp:featuredmedia":[{"embeddable":true,"href":"https:\/\/portaldeyoung.uy\/index.php\/wp-json\/wp\/v2\/media\/1224"}],"wp:attachment":[{"href":"https:\/\/portaldeyoung.uy\/index.php\/wp-json\/wp\/v2\/media?parent=3015"}],"wp:term":[{"taxonomy":"category","embeddable":true,"href":"https:\/\/portaldeyoung.uy\/index.php\/wp-json\/wp\/v2\/categories?post=3015"},{"taxonomy":"post_tag","embeddable":true,"href":"https:\/\/portaldeyoung.uy\/index.php\/wp-json\/wp\/v2\/tags?post=3015"}],"curies":[{"name":"wp","href":"https:\/\/api.w.org\/{rel}","templated":true}]}}