{"id":3011,"date":"2025-09-04T09:39:59","date_gmt":"2025-09-04T09:39:59","guid":{"rendered":"https:\/\/portaldeyoung.uy\/?p=3011"},"modified":"2025-09-04T09:41:42","modified_gmt":"2025-09-04T09:41:42","slug":"san-javier-se-recuperara-puente-de-acceso-al-muelle","status":"publish","type":"post","link":"https:\/\/portaldeyoung.uy\/index.php\/2025\/09\/04\/san-javier-se-recuperara-puente-de-acceso-al-muelle\/","title":{"rendered":"San Javier: se recuperar\u00e1 puente de acceso al muelle"},"content":{"rendered":"\n<p>La Intendencia de R\u00edo Negro, junto al Municipio de San Javier celebraron la adjudicaci\u00f3n de la obra de rehabilitaci\u00f3n del puente de acceso al muelle de la localidad por parte de la Corporaci\u00f3n Nacional para el Desarrollo (CND),<\/p>\n\n\n\n<p>La empresa LIPIN S.A. fue seleccionada como adjudicataria en el marco del Proyecto Regional \u201cAdaptaci\u00f3n al Cambio Clim\u00e1tico en Ciudades y Ecosistemas Costeros Vulnerables del R\u00edo Uruguay\u201d, financiado a trav\u00e9s del Fondo de Adaptaci\u00f3n. La inversi\u00f3n asciende a unos 300.000 d\u00f3lares y constituye una de las obras m\u00e1s relevantes para la comunidad en los \u00faltimos a\u00f1os.<\/p>\n\n\n\n<p>La intervenci\u00f3n no se limita \u00fanicamente a la restauraci\u00f3n estructural del puente. Tambi\u00e9n incluye la instalaci\u00f3n de iluminaci\u00f3n ajustada a las pautas del Ministerio de Ambiente, se\u00f1al\u00e9tica y carteler\u00eda alineada con el Sistema Nacional de \u00c1reas Protegidas, as\u00ed como el cumplimiento de todas las salvaguardas ambientales y sociales previstas en el plan del proyecto.<\/p>\n\n\n\n<p><\/p>\n","protected":false},"excerpt":{"rendered":"<p>La Intendencia de R\u00edo Negro, junto al Municipio de San Javier celebraron la adjudicaci\u00f3n de la obra de rehabilitaci\u00f3n del puente de acceso al muelle<\/p>\n","protected":false},"author":1,"featured_media":3012,"comment_status":"open","ping_status":"open","sticky":false,"template":"","format":"standard","meta":{"advgb_blocks_editor_width":"","advgb_blocks_columns_visual_guide":"","footnotes":"","jetpack_publicize_message":"La adjudicaci\u00f3n de la obra de rehabilitaci\u00f3n del puente de acceso al muelle de la localidad por parte de la Corporaci\u00f3n Nacional para el Desarrollo (CND) ...","jetpack_publicize_feature_enabled":false,"jetpack_social_post_already_shared":false,"jetpack_social_options":{"image_generator_settings":{"template":"highway","default_image_id":0,"font":"","enabled":false},"version":2}},"categories":[6],"tags":[],"class_list":["post-3011","post","type-post","status-publish","format-standard","has-post-thumbnail","hentry","category-del-departamento"],"author_meta":{"display_name":"Portal","author_link":"https:\/\/portaldeyoung.uy\/index.php\/author\/admin_port\/"},"featured_img":"https:\/\/portaldeyoung.uy\/wp-content\/uploads\/2025\/09\/san-javier-300x150.jpg","jetpack_publicize_connections":[],"coauthors":[],"tax_additional":{"categories":{"linked":["<a href=\"https:\/\/portaldeyoung.uy\/index.php\/category\/del-departamento\/\" class=\"advgb-post-tax-term\">Del departamento<\/a>"],"unlinked":["<span class=\"advgb-post-tax-term\">Del departamento<\/span>"]}},"comment_count":"0","relative_dates":{"created":"Publicado 8 meses hace","modified":"Actualizado 8 meses hace"},"absolute_dates":{"created":"Publicado el septiembre 4, 2025","modified":"Actualizado el septiembre 4, 2025"},"absolute_dates_time":{"created":"Publicado el septiembre 4, 2025 9:39 am","modified":"Actualizado el septiembre 4, 2025 9:41 am"},"featured_img_caption":"","series_order":"","_links":{"self":[{"href":"https:\/\/portaldeyoung.uy\/index.php\/wp-json\/wp\/v2\/posts\/3011","targetHints":{"allow":["GET"]}}],"collection":[{"href":"https:\/\/portaldeyoung.uy\/index.php\/wp-json\/wp\/v2\/posts"}],"about":[{"href":"https:\/\/portaldeyoung.uy\/index.php\/wp-json\/wp\/v2\/types\/post"}],"author":[{"embeddable":true,"href":"https:\/\/portaldeyoung.uy\/index.php\/wp-json\/wp\/v2\/users\/1"}],"replies":[{"embeddable":true,"href":"https:\/\/portaldeyoung.uy\/index.php\/wp-json\/wp\/v2\/comments?post=3011"}],"version-history":[{"count":1,"href":"https:\/\/portaldeyoung.uy\/index.php\/wp-json\/wp\/v2\/posts\/3011\/revisions"}],"predecessor-version":[{"id":3013,"href":"https:\/\/portaldeyoung.uy\/index.php\/wp-json\/wp\/v2\/posts\/3011\/revisions\/3013"}],"wp:featuredmedia":[{"embeddable":true,"href":"https:\/\/portaldeyoung.uy\/index.php\/wp-json\/wp\/v2\/media\/3012"}],"wp:attachment":[{"href":"https:\/\/portaldeyoung.uy\/index.php\/wp-json\/wp\/v2\/media?parent=3011"}],"wp:term":[{"taxonomy":"category","embeddable":true,"href":"https:\/\/portaldeyoung.uy\/index.php\/wp-json\/wp\/v2\/categories?post=3011"},{"taxonomy":"post_tag","embeddable":true,"href":"https:\/\/portaldeyoung.uy\/index.php\/wp-json\/wp\/v2\/tags?post=3011"}],"curies":[{"name":"wp","href":"https:\/\/api.w.org\/{rel}","templated":true}]}}