{"id":2966,"date":"2025-09-03T12:03:40","date_gmt":"2025-09-03T12:03:40","guid":{"rendered":"https:\/\/portaldeyoung.uy\/?p=2966"},"modified":"2025-09-03T21:55:49","modified_gmt":"2025-09-03T21:55:49","slug":"jornada-del-mgap-en-grecco-sobre-control-de-garrapatas-y-nuevos-lineamientos","status":"publish","type":"post","link":"https:\/\/portaldeyoung.uy\/index.php\/2025\/09\/03\/jornada-del-mgap-en-grecco-sobre-control-de-garrapatas-y-nuevos-lineamientos\/","title":{"rendered":"Jornada del MGAP en Grecco sobre control de garrapatas y nuevos lineamientos"},"content":{"rendered":"\n<p>El Ministerio de Ganader\u00eda, Agricultura y Pesca (MGAP) llevar\u00e1 adelante una jornada en el marco del desarrollo rural este <strong>jueves 4 de setiembre a las 18:00 horas<\/strong> en el <strong>Sal\u00f3n Comunal de Pueblo Grecco<\/strong>, bajo el lema <em>\u201cControl de garrapatas y nuevos lineamientos\u201d<\/em>.<\/p>\n\n\n\n<p>Desde la oficina departamental del MGAP se invita a <strong>t\u00e9cnicos y productores<\/strong> a participar de esta instancia informativa y de intercambio. Para m\u00e1s informaci\u00f3n, los interesados pueden comunicarse con la <strong>Dra. Valentina Herrera<\/strong> al tel\u00e9fono <strong>099 273 306<\/strong>.<\/p>\n\n\n\n<p>En relaci\u00f3n con el tema, el ministro <strong>Alfredo Fratti<\/strong> record\u00f3 que la problem\u00e1tica fue analizada en el Consejo de Ministros y destac\u00f3 que se trata de <em>\u201cun programa del gobierno nacional, porque no puede ser que se muera lo que est\u00e1 vivo cuando el Uruguay necesita producir m\u00e1s\u201d<\/em>.<\/p>\n\n\n\n<p>Fratti subray\u00f3 que el <strong>Laboratorio Rubino<\/strong> casi duplic\u00f3 la producci\u00f3n de vacunas contra la garrapata, al tiempo que se solicit\u00f3 a privados incrementar la disponibilidad de hemovacuna. Tambi\u00e9n mencion\u00f3 los avances del <strong>Instituto Pasteur<\/strong>, que en noviembre inmunizar\u00e1 seis mil animales con una vacuna experimental, cuyos primeros resultados se conocer\u00e1n en marzo.<\/p>\n\n\n\n<p>El secretario de Estado anunci\u00f3 que en todos los departamentos habr\u00e1 <strong>veterinarios en contacto directo con gremiales y productores<\/strong> para acompa\u00f1ar el proceso de control sanitario, recordando adem\u00e1s la obligatoriedad de cumplir lo establecido en la <strong>Ley N.\u00ba 18.268 sobre la lucha contra la garrapata<\/strong>.<\/p>\n\n\n\n<p>Fratti fue enf\u00e1tico al afirmar que <em>\u201cesto no lo resuelve un ministro ni un gobierno, pero somos la llave de arranque para disparar un proceso, establecer los recursos y dejar claro que toda inversi\u00f3n en este tema no es un gasto, sino una inversi\u00f3n\u201d<\/em>.<\/p>\n\n\n\n<p>Finalmente, llam\u00f3 a productores y organizaciones a no dejar solos a quienes impulsan el plan, subrayando que <strong>Uruguay se encuentra entre los tres pa\u00edses que exportan carne a mayor precio en el mundo, junto a Australia y Estados Unidos<\/strong>, por lo que no puede detener su avance en productividad y sanidad.<\/p>\n","protected":false},"excerpt":{"rendered":"<p>El Ministerio de Ganader\u00eda, Agricultura y Pesca (MGAP) llevar\u00e1 adelante una jornada en el marco del desarrollo rural este jueves 4 de setiembre a las<\/p>\n","protected":false},"author":1,"featured_media":2967,"comment_status":"open","ping_status":"open","sticky":false,"template":"","format":"standard","meta":{"advgb_blocks_editor_width":"","advgb_blocks_columns_visual_guide":"","footnotes":"","jetpack_publicize_message":"El Ministerio de Ganader\u00eda, Agricultura y Pesca (MGAP) llevar\u00e1 adelante una jornada en el marco del desarrollo rural este ...","jetpack_publicize_feature_enabled":false,"jetpack_social_post_already_shared":false,"jetpack_social_options":{"image_generator_settings":{"template":"highway","default_image_id":0,"font":"","enabled":false},"version":2}},"categories":[4],"tags":[],"class_list":["post-2966","post","type-post","status-publish","format-standard","has-post-thumbnail","hentry","category-de-aca"],"author_meta":{"display_name":"Portal","author_link":"https:\/\/portaldeyoung.uy\/index.php\/author\/admin_port\/"},"featured_img":"https:\/\/portaldeyoung.uy\/wp-content\/uploads\/2025\/09\/garrapatas-300x183.jpg","jetpack_publicize_connections":[],"coauthors":[],"tax_additional":{"categories":{"linked":["<a href=\"https:\/\/portaldeyoung.uy\/index.php\/category\/de-aca\/\" class=\"advgb-post-tax-term\">De ac\u00e1<\/a>"],"unlinked":["<span class=\"advgb-post-tax-term\">De ac\u00e1<\/span>"]}},"comment_count":"0","relative_dates":{"created":"Publicado 8 meses hace","modified":"Actualizado 8 meses hace"},"absolute_dates":{"created":"Publicado el septiembre 3, 2025","modified":"Actualizado el septiembre 3, 2025"},"absolute_dates_time":{"created":"Publicado el septiembre 3, 2025 12:03 pm","modified":"Actualizado el septiembre 3, 2025 9:55 pm"},"featured_img_caption":"","series_order":"","_links":{"self":[{"href":"https:\/\/portaldeyoung.uy\/index.php\/wp-json\/wp\/v2\/posts\/2966","targetHints":{"allow":["GET"]}}],"collection":[{"href":"https:\/\/portaldeyoung.uy\/index.php\/wp-json\/wp\/v2\/posts"}],"about":[{"href":"https:\/\/portaldeyoung.uy\/index.php\/wp-json\/wp\/v2\/types\/post"}],"author":[{"embeddable":true,"href":"https:\/\/portaldeyoung.uy\/index.php\/wp-json\/wp\/v2\/users\/1"}],"replies":[{"embeddable":true,"href":"https:\/\/portaldeyoung.uy\/index.php\/wp-json\/wp\/v2\/comments?post=2966"}],"version-history":[{"count":1,"href":"https:\/\/portaldeyoung.uy\/index.php\/wp-json\/wp\/v2\/posts\/2966\/revisions"}],"predecessor-version":[{"id":2968,"href":"https:\/\/portaldeyoung.uy\/index.php\/wp-json\/wp\/v2\/posts\/2966\/revisions\/2968"}],"wp:featuredmedia":[{"embeddable":true,"href":"https:\/\/portaldeyoung.uy\/index.php\/wp-json\/wp\/v2\/media\/2967"}],"wp:attachment":[{"href":"https:\/\/portaldeyoung.uy\/index.php\/wp-json\/wp\/v2\/media?parent=2966"}],"wp:term":[{"taxonomy":"category","embeddable":true,"href":"https:\/\/portaldeyoung.uy\/index.php\/wp-json\/wp\/v2\/categories?post=2966"},{"taxonomy":"post_tag","embeddable":true,"href":"https:\/\/portaldeyoung.uy\/index.php\/wp-json\/wp\/v2\/tags?post=2966"}],"curies":[{"name":"wp","href":"https:\/\/api.w.org\/{rel}","templated":true}]}}