{"id":2917,"date":"2025-09-02T11:01:06","date_gmt":"2025-09-02T11:01:06","guid":{"rendered":"https:\/\/portaldeyoung.uy\/?p=2917"},"modified":"2025-09-02T11:37:56","modified_gmt":"2025-09-02T11:37:56","slug":"eliminatorias-confirmado-el-plantel-de-uruguay-para-cerrar-la-ultima-doble-fecha","status":"publish","type":"post","link":"https:\/\/portaldeyoung.uy\/index.php\/2025\/09\/02\/eliminatorias-confirmado-el-plantel-de-uruguay-para-cerrar-la-ultima-doble-fecha\/","title":{"rendered":"Eliminatorias: confirmado el plantel de Uruguay para cerrar la \u00faltima doble fecha"},"content":{"rendered":"\n<p>Uruguay juega \u00e9ste jueves 4 a las 20:30 de local frente a Per\u00fa y disputa el \u00faltimo partido de la eliminatoria frente a Chile, ser\u00e1 el pr\u00f3ximo martes 9 desde la hora 20:30.<\/p>\n\n\n\n<p>El grueso del plantel de Uruguay arrib\u00f3 para sumarse a los entrenamientos de cara a los partidos con Per\u00fa y Chile; hablaron Federico Valverde y Manuel Ugarte.<\/p>\n\n\n\n<p>En la tarde del lunes, luego de que llegaran muchos jugadores y a falta de que lo hagan cinco, se conoci\u00f3 la lista de 27 convocados de Marcelo Bielsa para afrontar los \u00faltimos dos partidos de las Eliminatorias, primero con Per\u00fa en Montevideo este jueves y el martes que viene con Chile en Santiago.<\/p>\n\n\n\n<p>El domingo se abri\u00f3 la lista y los primeros en llegar fueron cinco convocados que entrenaron en el Complejo Celeste. Hablaron todos los que arribaron v\u00eda a\u00e9rea: Darwin N\u00fa\u00f1ez, Juan Manuel Sanabria, Ignacio Laquintana y Santiago Mele. Adem\u00e1s se present\u00f3 por primera vez Kevin Amaro, el \u00fanico elegido del f\u00fatbol local.<\/p>\n\n\n\n<h3 class=\"wp-block-heading\">El grueso del plantel lleg\u00f3 el lunes; \u00bfc\u00f3mo les fue a los citados en el \u00faltimo partido en sus clubes?<\/h3>\n\n\n\n<p>El que abri\u00f3 la jornada fue Ugarte, que no tuvo minutos en el triunfo ag\u00f3nico 3-2 de Manchester United sobre Burnley. El volante fue parte de la hist\u00f3rica derrota ante Grimsby Town de la cuarta divisi\u00f3n el mi\u00e9rcoles pasado.<\/p>\n\n\n\n<p>Al llegar, dijo: \u201cMi nivel de la temporada pasada no fue el mejor, tengo que ser realista. Tengo mucha ilusi\u00f3n de ganarme la titularidad en mi club. Me encuentro muy bien, hace tiempo que no me duele el tend\u00f3n de la rodilla\u201d.<\/p>\n\n\n\n<p>Ugarte fue autocr\u00edtico con el nivel de juego de Uruguay y considera que hay margen para mejorar: \u201cHemos tenido partidos que no jugamos bien. Hay que trabajar para hacerlo mucho mejor. El equipo puede dar un nivel alto. Es complicado gestionar el plantel para el entrenador porque nos tiene poco tiempo\u201d.<\/p>\n\n\n\n<p>Desde Am\u00e9rica de M\u00e9xico llegaron Sebasti\u00e1n C\u00e1ceres, Rodrigo Aguirre y Brian Rodr\u00edguez; los tres fueron titulares en el triunfo 2-0 sobre Pachuca el domingo. Las \u00e1guilas est\u00e1n en el segundo puesto de la liga mexicana, a un punto de Monterrey. <\/p>\n\n\n\n<p>Tambi\u00e9n est\u00e1 Rodrigo Bentancur, que jug\u00f3 el s\u00e1bado en la derrota de Tottenham Hotspur 1-0 ante Bournemouth. El volante uruguayo complet\u00f3 todo el encuentro en el equipo ingl\u00e9s, que perdi\u00f3 el puntaje perfecto que tra\u00eda en la Premier League. Tampoco fue positivo el apronte de Santiago Bueno, otro de los citados, que fue titular en la derrota de Wolverhampton como locatario 3-2 ante Everton; su equipo est\u00e1 \u00faltimo y sin unidades.<\/p>\n\n\n\n<p>Nahitan N\u00e1ndez jug\u00f3 como volante derecho en el triunfo de Al-Qadisiya 3-1 sobre Al-Najma el s\u00e1bado. Marcelo Bielsa lo utilizar\u00e1 como lateral y siempre es n\u00famero puesto en la lista, pero no podr\u00e1 jugar con Per\u00fa por suspensi\u00f3n.<\/p>\n\n\n\n<p>Al mediod\u00eda lleg\u00f3 la numerosa delegaci\u00f3n de Brasil. Desde San Pablo volaron Joaqu\u00edn Piquerez y Emiliano Mart\u00ednez, que vienen desde Palmeiras tras empatar 1-1 ante Corinthians. El lateral izquierdo convirti\u00f3 un gol en contra, mientras que el volante estuvo en el banco de suplentes, pero no ingres\u00f3. En el mismo vuelo, Jos\u00e9 Luis Rodr\u00edguez arrib\u00f3 desde Vasco da Gama, que venci\u00f3 3-2 a Sport Recife con el Pumita como titular y completando todo el encuentro. Sergio Rochet fue titular en la victoria 2-1 de Internacional de Porto Alegre sobre Fortaleza.<\/p>\n\n\n\n<p>Desde R\u00edo de Janeiro llegaron Cristian Olivera, Giorgian de Arrascaeta, Guillermo Varela y Mat\u00edas Vi\u00f1a. Los primeros tres fueron titulares en sus respectivos equipos, mientras que el lateral izquierdo estuvo en el banco en el empate 1-1 entre Flamengo y Gremio de Porto Alegre; De Arrascaeta convirti\u00f3 para el Fla. Por \u00faltimo, lleg\u00f3 el arribo desde Espa\u00f1a, que trajo a Federico Vi\u00f1as, que viene jugando en Oviedo y el s\u00e1bado fue titular en la victoria ante Real Sociedad.<\/p>\n\n\n\n<h3 class=\"wp-block-heading\">Federico Valverde: \u201cBajamos la intensidad porque esta Eliminatoria fue m\u00e1s f\u00e1cil que las anteriores\u201d<\/h3>\n\n\n\n<p>Valverde jug\u00f3 todo el partido el s\u00e1bado en el triunfo de Real Madrid ante Mallorca 2-1. El Pajarito fue otro de los que hablaron con la prensa en su arribo.<\/p>\n\n\n\n<p>El volante fue autocr\u00edtico con el momento de Uruguay: \u201cHemos bajado mucho la intensidad, es verdad que esta Eliminatoria fue un poco m\u00e1s f\u00e1cil que las anteriores. Tenemos un gran equipo, pero hubo muchos altibajos porque nunca tuvimos el 11 que todos queremos, por sanciones o lesiones. Lo importante es conseguir el objetivo cuanto antes\u201d.<\/p>\n\n\n\n<p>Sobre la clasificaci\u00f3n, asegur\u00f3: \u201cHay que disfrutar con nuestra gente, intentar sacar el m\u00e1ximo nivel y mejorar nuestro juego, ser autocr\u00edticos y mejorar como equipo en los entrenamientos\u201d.<\/p>\n\n\n\n<h3 class=\"wp-block-heading\">Los que faltan<\/h3>\n\n\n\n<p>Este martes se completar\u00e1 el plantel celeste. Son cinco los futbolistas que se esperan en el Complejo Celeste: Franco Israel, que viene siendo titular en el Torino de Italia; Ronald Ara\u00fajo, que en Barcelona no vio minutos el domingo; Math\u00edas Olivera, de Napoli, donde tuvo minutos en la segunda parte; Rodrigo Salazar, de muy buen presente en el Braga portugu\u00e9s, y Facundo Pellistri, actualmente en el Panathinaikos.<\/p>\n\n\n\n<figure class=\"wp-block-image size-large\"><img loading=\"lazy\" decoding=\"async\" width=\"1024\" height=\"1024\" src=\"https:\/\/portaldeyoung.uy\/wp-content\/uploads\/2025\/09\/plantel-uruguay-1024x1024.jpeg\" alt=\"\" class=\"wp-image-2919\" srcset=\"https:\/\/portaldeyoung.uy\/wp-content\/uploads\/2025\/09\/plantel-uruguay-1024x1024.jpeg 1024w, https:\/\/portaldeyoung.uy\/wp-content\/uploads\/2025\/09\/plantel-uruguay-300x300.jpeg 300w, https:\/\/portaldeyoung.uy\/wp-content\/uploads\/2025\/09\/plantel-uruguay-150x150.jpeg 150w, https:\/\/portaldeyoung.uy\/wp-content\/uploads\/2025\/09\/plantel-uruguay-768x768.jpeg 768w, https:\/\/portaldeyoung.uy\/wp-content\/uploads\/2025\/09\/plantel-uruguay-500x500.jpeg 500w, https:\/\/portaldeyoung.uy\/wp-content\/uploads\/2025\/09\/plantel-uruguay.jpeg 1200w\" sizes=\"auto, (max-width: 1024px) 100vw, 1024px\" \/><\/figure>\n","protected":false},"excerpt":{"rendered":"<p>Uruguay juega \u00e9ste jueves 4 a las 20:30 de local frente a Per\u00fa y disputa el \u00faltimo partido de la eliminatoria frente a Chile, ser\u00e1<\/p>\n","protected":false},"author":1,"featured_media":2932,"comment_status":"open","ping_status":"open","sticky":false,"template":"","format":"standard","meta":{"advgb_blocks_editor_width":"","advgb_blocks_columns_visual_guide":"","footnotes":"","jetpack_publicize_message":"Uruguay juega \u00e9ste jueves 4 a las 20:30 de local frente a Per\u00fa y disputa el \u00faltimo partido de la eliminatoria frente a ...","jetpack_publicize_feature_enabled":false,"jetpack_social_post_already_shared":false,"jetpack_social_options":{"image_generator_settings":{"template":"highway","default_image_id":0,"font":"","enabled":false},"version":2}},"categories":[5],"tags":[],"class_list":["post-2917","post","type-post","status-publish","format-standard","has-post-thumbnail","hentry","category-de-la-tribuna"],"author_meta":{"display_name":"Portal","author_link":"https:\/\/portaldeyoung.uy\/index.php\/author\/admin_port\/"},"featured_img":"https:\/\/portaldeyoung.uy\/wp-content\/uploads\/2025\/09\/uruguay-peru-00-300x200.jpg","jetpack_publicize_connections":[],"coauthors":[],"tax_additional":{"categories":{"linked":["<a href=\"https:\/\/portaldeyoung.uy\/index.php\/category\/de-la-tribuna\/\" class=\"advgb-post-tax-term\">De la tribuna<\/a>"],"unlinked":["<span class=\"advgb-post-tax-term\">De la tribuna<\/span>"]}},"comment_count":"0","relative_dates":{"created":"Publicado 8 meses hace","modified":"Actualizado 8 meses hace"},"absolute_dates":{"created":"Publicado el septiembre 2, 2025","modified":"Actualizado el septiembre 2, 2025"},"absolute_dates_time":{"created":"Publicado el septiembre 2, 2025 11:01 am","modified":"Actualizado el septiembre 2, 2025 11:37 am"},"featured_img_caption":"Peru's midfielder #10 Sergio Pe\u00f1a and Uruguay's midfielder #20 Maximiliano Araujo fight for the ball during the 2026 FIFA World Cup South American qualifiers football match between Peru and Uruguay at the National stadium in Lima, on October 10, 2024. (Photo by ERNESTO BENAVIDES \/ AFP)","series_order":"","_links":{"self":[{"href":"https:\/\/portaldeyoung.uy\/index.php\/wp-json\/wp\/v2\/posts\/2917","targetHints":{"allow":["GET"]}}],"collection":[{"href":"https:\/\/portaldeyoung.uy\/index.php\/wp-json\/wp\/v2\/posts"}],"about":[{"href":"https:\/\/portaldeyoung.uy\/index.php\/wp-json\/wp\/v2\/types\/post"}],"author":[{"embeddable":true,"href":"https:\/\/portaldeyoung.uy\/index.php\/wp-json\/wp\/v2\/users\/1"}],"replies":[{"embeddable":true,"href":"https:\/\/portaldeyoung.uy\/index.php\/wp-json\/wp\/v2\/comments?post=2917"}],"version-history":[{"count":1,"href":"https:\/\/portaldeyoung.uy\/index.php\/wp-json\/wp\/v2\/posts\/2917\/revisions"}],"predecessor-version":[{"id":2920,"href":"https:\/\/portaldeyoung.uy\/index.php\/wp-json\/wp\/v2\/posts\/2917\/revisions\/2920"}],"wp:featuredmedia":[{"embeddable":true,"href":"https:\/\/portaldeyoung.uy\/index.php\/wp-json\/wp\/v2\/media\/2932"}],"wp:attachment":[{"href":"https:\/\/portaldeyoung.uy\/index.php\/wp-json\/wp\/v2\/media?parent=2917"}],"wp:term":[{"taxonomy":"category","embeddable":true,"href":"https:\/\/portaldeyoung.uy\/index.php\/wp-json\/wp\/v2\/categories?post=2917"},{"taxonomy":"post_tag","embeddable":true,"href":"https:\/\/portaldeyoung.uy\/index.php\/wp-json\/wp\/v2\/tags?post=2917"}],"curies":[{"name":"wp","href":"https:\/\/api.w.org\/{rel}","templated":true}]}}