{"id":2898,"date":"2025-09-02T10:35:05","date_gmt":"2025-09-02T10:35:05","guid":{"rendered":"https:\/\/portaldeyoung.uy\/?p=2898"},"modified":"2025-09-02T10:35:47","modified_gmt":"2025-09-02T10:35:47","slug":"buscan-a-un-hombre-que-cayo-al-rio-negro-junto-a-una-retroexcavadora","status":"publish","type":"post","link":"https:\/\/portaldeyoung.uy\/index.php\/2025\/09\/02\/buscan-a-un-hombre-que-cayo-al-rio-negro-junto-a-una-retroexcavadora\/","title":{"rendered":"Buscan a un hombre que cay\u00f3 al r\u00edo Negro junto a una retroexcavadora"},"content":{"rendered":"\n<p>El hombre se fue al agua cuando intent\u00f3 evitar que la m\u00e1quina cayera a las aguas. Prefectura de Mercedes lleva adelante el operativo de b\u00fasqueda.<\/p>\n\n\n\n<p>Un hombre se encuentra desaparecido tras caer a las aguas del <strong>r\u00edo Negro<\/strong> mientras limpiaba una retroexcavadora, en <strong>Paso de los Toros<\/strong>.<\/p>\n\n\n\n<p>El vocero de la Armada Nacional, Alejandro P\u00e9rez, inform\u00f3 que Prefectura de Mercedes dio cuenta del hecho ocurrido sobre la hora 15:30 de este lunes.<\/p>\n\n\n\n<p>Seg\u00fan el informe, el hombre se fue al agua junto a la m\u00e1quina al intentar frenarla.<\/p>\n\n\n\n<p>Efectivos de Prefectura se encuentran en la b\u00fasqueda del desaparecido y coordinan la presencia de buzos para la pr\u00f3xima jornada.<\/p>\n","protected":false},"excerpt":{"rendered":"<p>El hombre se fue al agua cuando intent\u00f3 evitar que la m\u00e1quina cayera a las aguas. Prefectura de Mercedes lleva adelante el operativo de b\u00fasqueda.<\/p>\n","protected":false},"author":1,"featured_media":2899,"comment_status":"open","ping_status":"open","sticky":false,"template":"","format":"standard","meta":{"advgb_blocks_editor_width":"","advgb_blocks_columns_visual_guide":"","footnotes":"","jetpack_publicize_message":"El hombre se fue al agua cuando intent\u00f3 evitar que la m\u00e1quina cayera a las aguas. Prefectura de Mercedes lleva ...","jetpack_publicize_feature_enabled":false,"jetpack_social_post_already_shared":false,"jetpack_social_options":{"image_generator_settings":{"template":"highway","default_image_id":0,"font":"","enabled":false},"version":2}},"categories":[7],"tags":[],"class_list":["post-2898","post","type-post","status-publish","format-standard","has-post-thumbnail","hentry","category-del-pais"],"author_meta":{"display_name":"Portal","author_link":"https:\/\/portaldeyoung.uy\/index.php\/author\/admin_port\/"},"featured_img":"https:\/\/portaldeyoung.uy\/wp-content\/uploads\/2025\/09\/rio-negro-300x115.jpg","jetpack_publicize_connections":[],"coauthors":[],"tax_additional":{"categories":{"linked":["<a href=\"https:\/\/portaldeyoung.uy\/index.php\/category\/del-pais\/\" class=\"advgb-post-tax-term\">Del pa\u00eds<\/a>"],"unlinked":["<span class=\"advgb-post-tax-term\">Del pa\u00eds<\/span>"]}},"comment_count":"0","relative_dates":{"created":"Publicado 8 meses hace","modified":"Actualizado 8 meses hace"},"absolute_dates":{"created":"Publicado el septiembre 2, 2025","modified":"Actualizado el septiembre 2, 2025"},"absolute_dates_time":{"created":"Publicado el septiembre 2, 2025 10:35 am","modified":"Actualizado el septiembre 2, 2025 10:35 am"},"featured_img_caption":"","series_order":"","_links":{"self":[{"href":"https:\/\/portaldeyoung.uy\/index.php\/wp-json\/wp\/v2\/posts\/2898","targetHints":{"allow":["GET"]}}],"collection":[{"href":"https:\/\/portaldeyoung.uy\/index.php\/wp-json\/wp\/v2\/posts"}],"about":[{"href":"https:\/\/portaldeyoung.uy\/index.php\/wp-json\/wp\/v2\/types\/post"}],"author":[{"embeddable":true,"href":"https:\/\/portaldeyoung.uy\/index.php\/wp-json\/wp\/v2\/users\/1"}],"replies":[{"embeddable":true,"href":"https:\/\/portaldeyoung.uy\/index.php\/wp-json\/wp\/v2\/comments?post=2898"}],"version-history":[{"count":1,"href":"https:\/\/portaldeyoung.uy\/index.php\/wp-json\/wp\/v2\/posts\/2898\/revisions"}],"predecessor-version":[{"id":2900,"href":"https:\/\/portaldeyoung.uy\/index.php\/wp-json\/wp\/v2\/posts\/2898\/revisions\/2900"}],"wp:featuredmedia":[{"embeddable":true,"href":"https:\/\/portaldeyoung.uy\/index.php\/wp-json\/wp\/v2\/media\/2899"}],"wp:attachment":[{"href":"https:\/\/portaldeyoung.uy\/index.php\/wp-json\/wp\/v2\/media?parent=2898"}],"wp:term":[{"taxonomy":"category","embeddable":true,"href":"https:\/\/portaldeyoung.uy\/index.php\/wp-json\/wp\/v2\/categories?post=2898"},{"taxonomy":"post_tag","embeddable":true,"href":"https:\/\/portaldeyoung.uy\/index.php\/wp-json\/wp\/v2\/tags?post=2898"}],"curies":[{"name":"wp","href":"https:\/\/api.w.org\/{rel}","templated":true}]}}