{"id":2863,"date":"2025-09-01T13:59:28","date_gmt":"2025-09-01T13:59:28","guid":{"rendered":"https:\/\/portaldeyoung.uy\/?p=2863"},"modified":"2025-09-01T14:00:08","modified_gmt":"2025-09-01T14:00:08","slug":"mujer-condenada-por-rapina-y-hurtos-en-fray-bentos","status":"publish","type":"post","link":"https:\/\/portaldeyoung.uy\/index.php\/2025\/09\/01\/mujer-condenada-por-rapina-y-hurtos-en-fray-bentos\/","title":{"rendered":"Mujer condenada por rapi\u00f1a y hurtos en Fray Bentos"},"content":{"rendered":"\n<p>Una mujer fue formalizada y posteriormente condenada por la Justicia tras comprobarse su responsabilidad en una rapi\u00f1a cometida en un comercio de la capital departamental, as\u00ed como en varios hurtos denunciados recientemente.<\/p>\n\n\n\n<p>De acuerdo a lo informado, personal policial logr\u00f3 localizar en jurisdicci\u00f3n de la Seccional Segunda a la sospechosa, una mujer mayor de edad con antecedentes por cinco delitos de hurto en Young, quien hab\u00eda sido formalizada sin prisi\u00f3n por esos hechos.<\/p>\n\n\n\n<p>Puesta en conocimiento la Fiscal\u00eda, se dispuso su detenci\u00f3n y la continuaci\u00f3n de las actuaciones judiciales. Finalizada la audiencia en el Juzgado Letrado de Fray Bentos, se resolvi\u00f3 la condena de la mujer de iniciales E.D.M.P. como autora penalmente responsable de un delito de rapi\u00f1a en reiteraci\u00f3n real con tres delitos de hurto, uno de ellos en grado de tentativa.<\/p>\n\n\n\n<p>La pena fijada por la Justicia fue de cuatro a\u00f1os y cuatro meses de penitenciar\u00eda. Los hechos de hurto se hab\u00edan registrado en distintos comercios de Fray Bentos durante el mes de julio del corriente a\u00f1o.<\/p>\n","protected":false},"excerpt":{"rendered":"<p>Una mujer fue formalizada y posteriormente condenada por la Justicia tras comprobarse su responsabilidad en una rapi\u00f1a cometida en un comercio de la capital departamental,<\/p>\n","protected":false},"author":1,"featured_media":1687,"comment_status":"open","ping_status":"open","sticky":false,"template":"","format":"standard","meta":{"advgb_blocks_editor_width":"","advgb_blocks_columns_visual_guide":"","footnotes":"","jetpack_publicize_message":"Una mujer fue formalizada y posteriormente condenada por la Justicia tras comprobarse su ...","jetpack_publicize_feature_enabled":false,"jetpack_social_post_already_shared":false,"jetpack_social_options":{"image_generator_settings":{"template":"highway","default_image_id":0,"font":"","enabled":false},"version":2}},"categories":[6],"tags":[],"class_list":["post-2863","post","type-post","status-publish","format-standard","has-post-thumbnail","hentry","category-del-departamento"],"author_meta":{"display_name":"Portal","author_link":"https:\/\/portaldeyoung.uy\/index.php\/author\/admin_port\/"},"featured_img":"https:\/\/portaldeyoung.uy\/wp-content\/uploads\/2025\/07\/Policias-300x153.png","jetpack_publicize_connections":[],"coauthors":[],"tax_additional":{"categories":{"linked":["<a href=\"https:\/\/portaldeyoung.uy\/index.php\/category\/del-departamento\/\" class=\"advgb-post-tax-term\">Del departamento<\/a>"],"unlinked":["<span class=\"advgb-post-tax-term\">Del departamento<\/span>"]}},"comment_count":"0","relative_dates":{"created":"Publicado 8 meses hace","modified":"Actualizado 8 meses hace"},"absolute_dates":{"created":"Publicado el septiembre 1, 2025","modified":"Actualizado el septiembre 1, 2025"},"absolute_dates_time":{"created":"Publicado el septiembre 1, 2025 1:59 pm","modified":"Actualizado el septiembre 1, 2025 2:00 pm"},"featured_img_caption":"","series_order":"","_links":{"self":[{"href":"https:\/\/portaldeyoung.uy\/index.php\/wp-json\/wp\/v2\/posts\/2863","targetHints":{"allow":["GET"]}}],"collection":[{"href":"https:\/\/portaldeyoung.uy\/index.php\/wp-json\/wp\/v2\/posts"}],"about":[{"href":"https:\/\/portaldeyoung.uy\/index.php\/wp-json\/wp\/v2\/types\/post"}],"author":[{"embeddable":true,"href":"https:\/\/portaldeyoung.uy\/index.php\/wp-json\/wp\/v2\/users\/1"}],"replies":[{"embeddable":true,"href":"https:\/\/portaldeyoung.uy\/index.php\/wp-json\/wp\/v2\/comments?post=2863"}],"version-history":[{"count":2,"href":"https:\/\/portaldeyoung.uy\/index.php\/wp-json\/wp\/v2\/posts\/2863\/revisions"}],"predecessor-version":[{"id":2865,"href":"https:\/\/portaldeyoung.uy\/index.php\/wp-json\/wp\/v2\/posts\/2863\/revisions\/2865"}],"wp:featuredmedia":[{"embeddable":true,"href":"https:\/\/portaldeyoung.uy\/index.php\/wp-json\/wp\/v2\/media\/1687"}],"wp:attachment":[{"href":"https:\/\/portaldeyoung.uy\/index.php\/wp-json\/wp\/v2\/media?parent=2863"}],"wp:term":[{"taxonomy":"category","embeddable":true,"href":"https:\/\/portaldeyoung.uy\/index.php\/wp-json\/wp\/v2\/categories?post=2863"},{"taxonomy":"post_tag","embeddable":true,"href":"https:\/\/portaldeyoung.uy\/index.php\/wp-json\/wp\/v2\/tags?post=2863"}],"curies":[{"name":"wp","href":"https:\/\/api.w.org\/{rel}","templated":true}]}}