{"id":2790,"date":"2025-08-29T13:23:58","date_gmt":"2025-08-29T13:23:58","guid":{"rendered":"https:\/\/portaldeyoung.uy\/?p=2790"},"modified":"2025-08-29T13:24:01","modified_gmt":"2025-08-29T13:24:01","slug":"tareas-de-embellecimiento-urbano-en-la-capital-departamental","status":"publish","type":"post","link":"https:\/\/portaldeyoung.uy\/index.php\/2025\/08\/29\/tareas-de-embellecimiento-urbano-en-la-capital-departamental\/","title":{"rendered":"Tareas de embellecimiento urbano en la capital departamental"},"content":{"rendered":"\n<p><strong>Como parte del proceso de embellecimiento de la ciudad de Fray Bentos, el equipo de Obras comenz\u00f3 los trabajos de acondicionamiento en los canteros de Plaza Rivera y Artigas<\/strong>. Las intervenciones continuar\u00e1n en la Terminal de \u00d3mnibus de Fraybentina y los canteros frente a Plaza Hargain.<\/p>\n\n\n\n<p>Posteriormente, se avanzar\u00e1 en Plaza Constituci\u00f3n y otros espacios p\u00fablicos.&nbsp; Los plantines utilizados provienen del vivero municipal, coloc\u00e1ndose en cada lugar alrededor de 1.500 ejemplares, se pueden encontrar plantas de invierno, pensamientos y cal\u00e9ndulas.<\/p>\n\n\n\n<figure class=\"wp-block-image size-large\"><img loading=\"lazy\" decoding=\"async\" width=\"1024\" height=\"575\" src=\"https:\/\/portaldeyoung.uy\/wp-content\/uploads\/2025\/08\/jardines-plazas-3-1024x575.jpg\" alt=\"\" class=\"wp-image-2792\" srcset=\"https:\/\/portaldeyoung.uy\/wp-content\/uploads\/2025\/08\/jardines-plazas-3-1024x575.jpg 1024w, https:\/\/portaldeyoung.uy\/wp-content\/uploads\/2025\/08\/jardines-plazas-3-300x168.jpg 300w, https:\/\/portaldeyoung.uy\/wp-content\/uploads\/2025\/08\/jardines-plazas-3-768x431.jpg 768w, https:\/\/portaldeyoung.uy\/wp-content\/uploads\/2025\/08\/jardines-plazas-3-1536x862.jpg 1536w, https:\/\/portaldeyoung.uy\/wp-content\/uploads\/2025\/08\/jardines-plazas-3.jpg 1600w\" sizes=\"auto, (max-width: 1024px) 100vw, 1024px\" \/><\/figure>\n\n\n\n<figure class=\"wp-block-image size-large\"><img loading=\"lazy\" decoding=\"async\" width=\"1024\" height=\"575\" src=\"https:\/\/portaldeyoung.uy\/wp-content\/uploads\/2025\/08\/jardines-plazas-2-1024x575.jpg\" alt=\"\" class=\"wp-image-2793\" srcset=\"https:\/\/portaldeyoung.uy\/wp-content\/uploads\/2025\/08\/jardines-plazas-2-1024x575.jpg 1024w, https:\/\/portaldeyoung.uy\/wp-content\/uploads\/2025\/08\/jardines-plazas-2-300x168.jpg 300w, https:\/\/portaldeyoung.uy\/wp-content\/uploads\/2025\/08\/jardines-plazas-2-768x431.jpg 768w, https:\/\/portaldeyoung.uy\/wp-content\/uploads\/2025\/08\/jardines-plazas-2-1536x862.jpg 1536w, https:\/\/portaldeyoung.uy\/wp-content\/uploads\/2025\/08\/jardines-plazas-2.jpg 1600w\" sizes=\"auto, (max-width: 1024px) 100vw, 1024px\" \/><\/figure>\n\n\n\n<figure class=\"wp-block-image size-large\"><img loading=\"lazy\" decoding=\"async\" width=\"1024\" height=\"575\" src=\"https:\/\/portaldeyoung.uy\/wp-content\/uploads\/2025\/08\/jardines-plazas-4-1024x575.jpg\" alt=\"\" class=\"wp-image-2794\" srcset=\"https:\/\/portaldeyoung.uy\/wp-content\/uploads\/2025\/08\/jardines-plazas-4-1024x575.jpg 1024w, https:\/\/portaldeyoung.uy\/wp-content\/uploads\/2025\/08\/jardines-plazas-4-300x168.jpg 300w, https:\/\/portaldeyoung.uy\/wp-content\/uploads\/2025\/08\/jardines-plazas-4-768x431.jpg 768w, https:\/\/portaldeyoung.uy\/wp-content\/uploads\/2025\/08\/jardines-plazas-4-1536x862.jpg 1536w, https:\/\/portaldeyoung.uy\/wp-content\/uploads\/2025\/08\/jardines-plazas-4.jpg 1600w\" sizes=\"auto, (max-width: 1024px) 100vw, 1024px\" \/><\/figure>\n","protected":false},"excerpt":{"rendered":"<p>Como parte del proceso de embellecimiento de la ciudad de Fray Bentos, el equipo de Obras comenz\u00f3 los trabajos de acondicionamiento en los canteros de<\/p>\n","protected":false},"author":1,"featured_media":2791,"comment_status":"open","ping_status":"open","sticky":false,"template":"","format":"standard","meta":{"advgb_blocks_editor_width":"","advgb_blocks_columns_visual_guide":"","footnotes":"","jetpack_publicize_message":"","jetpack_publicize_feature_enabled":true,"jetpack_social_post_already_shared":true,"jetpack_social_options":{"image_generator_settings":{"template":"highway","default_image_id":0,"font":"","enabled":false},"version":2}},"categories":[6],"tags":[],"class_list":["post-2790","post","type-post","status-publish","format-standard","has-post-thumbnail","hentry","category-del-departamento"],"author_meta":{"display_name":"Portal","author_link":"https:\/\/portaldeyoung.uy\/index.php\/author\/admin_port\/"},"featured_img":"https:\/\/portaldeyoung.uy\/wp-content\/uploads\/2025\/08\/jardines-plazas-300x168.jpg","jetpack_publicize_connections":[],"coauthors":[],"tax_additional":{"categories":{"linked":["<a href=\"https:\/\/portaldeyoung.uy\/index.php\/category\/del-departamento\/\" class=\"advgb-post-tax-term\">Del departamento<\/a>"],"unlinked":["<span class=\"advgb-post-tax-term\">Del departamento<\/span>"]}},"comment_count":"0","relative_dates":{"created":"Publicado 8 meses hace","modified":"Actualizado 8 meses hace"},"absolute_dates":{"created":"Publicado el agosto 29, 2025","modified":"Actualizado el agosto 29, 2025"},"absolute_dates_time":{"created":"Publicado el agosto 29, 2025 1:23 pm","modified":"Actualizado el agosto 29, 2025 1:24 pm"},"featured_img_caption":"","series_order":"","_links":{"self":[{"href":"https:\/\/portaldeyoung.uy\/index.php\/wp-json\/wp\/v2\/posts\/2790","targetHints":{"allow":["GET"]}}],"collection":[{"href":"https:\/\/portaldeyoung.uy\/index.php\/wp-json\/wp\/v2\/posts"}],"about":[{"href":"https:\/\/portaldeyoung.uy\/index.php\/wp-json\/wp\/v2\/types\/post"}],"author":[{"embeddable":true,"href":"https:\/\/portaldeyoung.uy\/index.php\/wp-json\/wp\/v2\/users\/1"}],"replies":[{"embeddable":true,"href":"https:\/\/portaldeyoung.uy\/index.php\/wp-json\/wp\/v2\/comments?post=2790"}],"version-history":[{"count":1,"href":"https:\/\/portaldeyoung.uy\/index.php\/wp-json\/wp\/v2\/posts\/2790\/revisions"}],"predecessor-version":[{"id":2795,"href":"https:\/\/portaldeyoung.uy\/index.php\/wp-json\/wp\/v2\/posts\/2790\/revisions\/2795"}],"wp:featuredmedia":[{"embeddable":true,"href":"https:\/\/portaldeyoung.uy\/index.php\/wp-json\/wp\/v2\/media\/2791"}],"wp:attachment":[{"href":"https:\/\/portaldeyoung.uy\/index.php\/wp-json\/wp\/v2\/media?parent=2790"}],"wp:term":[{"taxonomy":"category","embeddable":true,"href":"https:\/\/portaldeyoung.uy\/index.php\/wp-json\/wp\/v2\/categories?post=2790"},{"taxonomy":"post_tag","embeddable":true,"href":"https:\/\/portaldeyoung.uy\/index.php\/wp-json\/wp\/v2\/tags?post=2790"}],"curies":[{"name":"wp","href":"https:\/\/api.w.org\/{rel}","templated":true}]}}