{"id":2782,"date":"2025-08-29T13:10:13","date_gmt":"2025-08-29T13:10:13","guid":{"rendered":"https:\/\/portaldeyoung.uy\/?p=2782"},"modified":"2025-08-29T13:10:16","modified_gmt":"2025-08-29T13:10:16","slug":"senadores-acuerdan-ley-para-cambiar-la-edad-minima-para-contraer-matrimonio","status":"publish","type":"post","link":"https:\/\/portaldeyoung.uy\/index.php\/2025\/08\/29\/senadores-acuerdan-ley-para-cambiar-la-edad-minima-para-contraer-matrimonio\/","title":{"rendered":"Senadores acuerdan ley para cambiar la edad m\u00ednima para contraer matrimonio"},"content":{"rendered":"\n<p>Todos los partidos pol\u00edticos se pusieron de acuerdo y se eleva la edad habilitada para contraer matrimonio. A los 16 a\u00f1os se podr\u00e1, pero con ciertas condiciones. Los detalles.<\/p>\n\n\n\n<p>Con el voto de todos los partidos pol\u00edticos, el Senado aprob\u00f3 en comisi\u00f3n el proyecto de <strong>ley<\/strong> que eleva la <strong>edad<\/strong> m\u00ednima autorizada para contraer <strong>matrimonio.<\/strong><\/p>\n\n\n\n<p>Cuando se termine de aprobar esta ley quedar\u00e1 habilitado el matrimonio a partir de los 18 a\u00f1os de edad, aunque adolescentes de 16 a\u00f1os podr\u00e1n casarse siempre y cuando tengan la aprobaci\u00f3n des sus padres o tutores y, se agrega ahora, la opini\u00f3n a favor de un juez.<\/p>\n\n\n\n<p>\u201cEstamos votando que el matrimonio sea a partir de los 18 a\u00f1os, e incorporamos que a partir de los 16 podr\u00eda suceder, pero hacemos preceptiva la opini\u00f3n de un juez. Es decir, podr\u00eda suceder pero con la opini\u00f3n obviamente de los padres, madres o tutores, y de un juez\u201d, explic\u00f3 a Subrayado la senadora frenteamplista Liliam Kechichian. \u201cNos pusimos de acuerdo todos los partidos pol\u00edticos\u201d, destac\u00f3 la legisladora.<\/p>\n\n\n\n<p>La idea es votar el proyecto de ley en las primeras sesiones de setiembre en el Senado, para que luego pase a Diputados y all\u00ed obtenga la aprobaci\u00f3n definitiva.<\/p>\n\n\n\n<p><em>*Subrayado<\/em><\/p>\n","protected":false},"excerpt":{"rendered":"<p>Todos los partidos pol\u00edticos se pusieron de acuerdo y se eleva la edad habilitada para contraer matrimonio. A los 16 a\u00f1os se podr\u00e1, pero con<\/p>\n","protected":false},"author":1,"featured_media":2783,"comment_status":"open","ping_status":"open","sticky":false,"template":"","format":"standard","meta":{"advgb_blocks_editor_width":"","advgb_blocks_columns_visual_guide":"","footnotes":"","jetpack_publicize_message":"","jetpack_publicize_feature_enabled":true,"jetpack_social_post_already_shared":true,"jetpack_social_options":{"image_generator_settings":{"template":"highway","default_image_id":0,"font":"","enabled":false},"version":2}},"categories":[7],"tags":[],"class_list":["post-2782","post","type-post","status-publish","format-standard","has-post-thumbnail","hentry","category-del-pais"],"author_meta":{"display_name":"Portal","author_link":"https:\/\/portaldeyoung.uy\/index.php\/author\/admin_port\/"},"featured_img":"https:\/\/portaldeyoung.uy\/wp-content\/uploads\/2025\/08\/matrimonio-300x197.png","jetpack_publicize_connections":[],"coauthors":[],"tax_additional":{"categories":{"linked":["<a href=\"https:\/\/portaldeyoung.uy\/index.php\/category\/del-pais\/\" class=\"advgb-post-tax-term\">Del pa\u00eds<\/a>"],"unlinked":["<span class=\"advgb-post-tax-term\">Del pa\u00eds<\/span>"]}},"comment_count":"0","relative_dates":{"created":"Publicado 8 meses hace","modified":"Actualizado 8 meses hace"},"absolute_dates":{"created":"Publicado el agosto 29, 2025","modified":"Actualizado el agosto 29, 2025"},"absolute_dates_time":{"created":"Publicado el agosto 29, 2025 1:10 pm","modified":"Actualizado el agosto 29, 2025 1:10 pm"},"featured_img_caption":"","series_order":"","_links":{"self":[{"href":"https:\/\/portaldeyoung.uy\/index.php\/wp-json\/wp\/v2\/posts\/2782","targetHints":{"allow":["GET"]}}],"collection":[{"href":"https:\/\/portaldeyoung.uy\/index.php\/wp-json\/wp\/v2\/posts"}],"about":[{"href":"https:\/\/portaldeyoung.uy\/index.php\/wp-json\/wp\/v2\/types\/post"}],"author":[{"embeddable":true,"href":"https:\/\/portaldeyoung.uy\/index.php\/wp-json\/wp\/v2\/users\/1"}],"replies":[{"embeddable":true,"href":"https:\/\/portaldeyoung.uy\/index.php\/wp-json\/wp\/v2\/comments?post=2782"}],"version-history":[{"count":1,"href":"https:\/\/portaldeyoung.uy\/index.php\/wp-json\/wp\/v2\/posts\/2782\/revisions"}],"predecessor-version":[{"id":2784,"href":"https:\/\/portaldeyoung.uy\/index.php\/wp-json\/wp\/v2\/posts\/2782\/revisions\/2784"}],"wp:featuredmedia":[{"embeddable":true,"href":"https:\/\/portaldeyoung.uy\/index.php\/wp-json\/wp\/v2\/media\/2783"}],"wp:attachment":[{"href":"https:\/\/portaldeyoung.uy\/index.php\/wp-json\/wp\/v2\/media?parent=2782"}],"wp:term":[{"taxonomy":"category","embeddable":true,"href":"https:\/\/portaldeyoung.uy\/index.php\/wp-json\/wp\/v2\/categories?post=2782"},{"taxonomy":"post_tag","embeddable":true,"href":"https:\/\/portaldeyoung.uy\/index.php\/wp-json\/wp\/v2\/tags?post=2782"}],"curies":[{"name":"wp","href":"https:\/\/api.w.org\/{rel}","templated":true}]}}