{"id":2777,"date":"2025-08-29T13:03:49","date_gmt":"2025-08-29T13:03:49","guid":{"rendered":"https:\/\/portaldeyoung.uy\/?p=2777"},"modified":"2025-08-29T13:03:52","modified_gmt":"2025-08-29T13:03:52","slug":"el-39-de-los-ninos-uruguayos-sufre-violencia-en-su-hogar-segun-datos-de-unicef","status":"publish","type":"post","link":"https:\/\/portaldeyoung.uy\/index.php\/2025\/08\/29\/el-39-de-los-ninos-uruguayos-sufre-violencia-en-su-hogar-segun-datos-de-unicef\/","title":{"rendered":"El 39% de los ni\u00f1os uruguayos sufre violencia en su hogar, seg\u00fan datos de Unicef"},"content":{"rendered":"\n<p>El sondeo revela que los m\u00e1s peque\u00f1os, de dos a cuatro a\u00f1os, son los m\u00e1s expuestos a la violencia f\u00edsica.<\/p>\n\n\n\n<p>Casi cuatro de cada diez de los ni\u00f1os, ni\u00f1as y adolescentes de Uruguay fueron sometidos a alg\u00fan m\u00e9todo violento de disciplina por parte de su madre, padre o tutor en el \u00faltimo mes, seg\u00fan una encuesta de Unicef presentada este jueves.<\/p>\n\n\n\n<p>Desarrollada entre febrero y marzo de este a\u00f1o con una muestra de 1500 casos y un margen de error de +\/-2,5%, la encuesta revel\u00f3 que un 39,3 % de los ni\u00f1os de entre dos y catorce a\u00f1os sufrieron alg\u00fan tipo de violencia en su hogar.<\/p>\n\n\n\n<p>Si bien de acuerdo con los resultados presentados por Unicef y por la encuestadora Equipos Consultores en la sede de la Presidencia uruguaya este porcentaje supuso un descenso de 15 puntos respecto al relevado en 2013, el sondeo argumenta que \u00ablos ni\u00f1os y ni\u00f1as m\u00e1s peque\u00f1os, de dos a cuatro a\u00f1os, son los m\u00e1s expuestos a la violencia f\u00edsica\u00bb.<\/p>\n\n\n\n<p>Seg\u00fan la encuesta, entre 2013 y 2025 se registr\u00f3 una disminuci\u00f3n del uso de los castigos f\u00edsicos, que pasaron de 25,8% a 16,1%, pero el \u00abcastigo f\u00edsico severo\u00bb, que incluye pr\u00e1cticas como golpes en la cara, la cabeza o las orejas y \u00abpalizas\u00bb, se mantuvo estable, pues solo cay\u00f3 de 2,8% a 2,2%.<\/p>\n\n\n\n<p>De acuerdo con los datos, a su vez, la disciplina violenta es \u00ablevemente m\u00e1s frecuente con los ni\u00f1os que con las ni\u00f1as\u00bb, pues los ni\u00f1os v\u00edctimas de esta forma de violencia fueron un 42%, mientras que entre las ni\u00f1as lo fueron un 37%.<\/p>\n\n\n\n<p>\u00abEl fen\u00f3meno de la violencia como m\u00e9todo de disciplina dom\u00e9stica impacta a todos los territorios y a todos los tipos de familias\u00bb, sostuvo durante la presentaci\u00f3n el representante de Unicef en Uruguay, Francisco Benavides, quien subray\u00f3 que eliminar la violencia contra las infancias es \u00abuna prioridad global\u00bb del organismo.<\/p>\n\n\n\n<p>En tanto dijo que, adem\u00e1s de a nivel global, se trata de una de las prioridades acordadas en la cooperaci\u00f3n con el Estado uruguayo, Benavides remarc\u00f3 que, para su equipo, \u00aben Uruguay hay una manera de que esto cambie y cambie en los pr\u00f3ximos a\u00f1os\u00bb.<\/p>\n\n\n\n<p>\u00abUnicef tiene varias estrategias y lo que estamos presentando hoy tiene que ver con esas estrategias\u00bb, apunt\u00f3 quien mencion\u00f3 a la generaci\u00f3n de datos como una de las estrategias del organismo de Naciones Unidas que, adem\u00e1s, emprende acciones como la realizaci\u00f3n de campa\u00f1as para visibilizar y sensibilizar sobre estos temas.<\/p>\n\n\n\n<p>Por su parte, el director nacional de Desarrollo Social de Uruguay, Nicol\u00e1s Lasa, dijo que las autoridades no quieren \u00abque la violencia tenga la \u00faltima palabra\u00bb y resalt\u00f3 la importancia del trabajo mancomunado de las diversas dependencias estatales con la sociedad civil y los referentes en derechos humanos del pa\u00eds.<\/p>\n\n\n\n<p>*<em>Fuente: EFE<\/em><\/p>\n","protected":false},"excerpt":{"rendered":"<p>El sondeo revela que los m\u00e1s peque\u00f1os, de dos a cuatro a\u00f1os, son los m\u00e1s expuestos a la violencia f\u00edsica. Casi cuatro de cada diez<\/p>\n","protected":false},"author":1,"featured_media":2778,"comment_status":"open","ping_status":"open","sticky":false,"template":"","format":"standard","meta":{"advgb_blocks_editor_width":"","advgb_blocks_columns_visual_guide":"","footnotes":"","jetpack_publicize_message":"","jetpack_publicize_feature_enabled":true,"jetpack_social_post_already_shared":true,"jetpack_social_options":{"image_generator_settings":{"template":"highway","default_image_id":0,"font":"","enabled":false},"version":2}},"categories":[7],"tags":[],"class_list":["post-2777","post","type-post","status-publish","format-standard","has-post-thumbnail","hentry","category-del-pais"],"author_meta":{"display_name":"Portal","author_link":"https:\/\/portaldeyoung.uy\/index.php\/author\/admin_port\/"},"featured_img":"https:\/\/portaldeyoung.uy\/wp-content\/uploads\/2025\/08\/nino-violencia-300x152.png","jetpack_publicize_connections":[],"coauthors":[],"tax_additional":{"categories":{"linked":["<a href=\"https:\/\/portaldeyoung.uy\/index.php\/category\/del-pais\/\" class=\"advgb-post-tax-term\">Del pa\u00eds<\/a>"],"unlinked":["<span class=\"advgb-post-tax-term\">Del pa\u00eds<\/span>"]}},"comment_count":"0","relative_dates":{"created":"Publicado 8 meses hace","modified":"Actualizado 8 meses hace"},"absolute_dates":{"created":"Publicado el agosto 29, 2025","modified":"Actualizado el agosto 29, 2025"},"absolute_dates_time":{"created":"Publicado el agosto 29, 2025 1:03 pm","modified":"Actualizado el agosto 29, 2025 1:03 pm"},"featured_img_caption":"","series_order":"","_links":{"self":[{"href":"https:\/\/portaldeyoung.uy\/index.php\/wp-json\/wp\/v2\/posts\/2777","targetHints":{"allow":["GET"]}}],"collection":[{"href":"https:\/\/portaldeyoung.uy\/index.php\/wp-json\/wp\/v2\/posts"}],"about":[{"href":"https:\/\/portaldeyoung.uy\/index.php\/wp-json\/wp\/v2\/types\/post"}],"author":[{"embeddable":true,"href":"https:\/\/portaldeyoung.uy\/index.php\/wp-json\/wp\/v2\/users\/1"}],"replies":[{"embeddable":true,"href":"https:\/\/portaldeyoung.uy\/index.php\/wp-json\/wp\/v2\/comments?post=2777"}],"version-history":[{"count":1,"href":"https:\/\/portaldeyoung.uy\/index.php\/wp-json\/wp\/v2\/posts\/2777\/revisions"}],"predecessor-version":[{"id":2779,"href":"https:\/\/portaldeyoung.uy\/index.php\/wp-json\/wp\/v2\/posts\/2777\/revisions\/2779"}],"wp:featuredmedia":[{"embeddable":true,"href":"https:\/\/portaldeyoung.uy\/index.php\/wp-json\/wp\/v2\/media\/2778"}],"wp:attachment":[{"href":"https:\/\/portaldeyoung.uy\/index.php\/wp-json\/wp\/v2\/media?parent=2777"}],"wp:term":[{"taxonomy":"category","embeddable":true,"href":"https:\/\/portaldeyoung.uy\/index.php\/wp-json\/wp\/v2\/categories?post=2777"},{"taxonomy":"post_tag","embeddable":true,"href":"https:\/\/portaldeyoung.uy\/index.php\/wp-json\/wp\/v2\/tags?post=2777"}],"curies":[{"name":"wp","href":"https:\/\/api.w.org\/{rel}","templated":true}]}}