{"id":2752,"date":"2025-08-28T12:56:08","date_gmt":"2025-08-28T12:56:08","guid":{"rendered":"https:\/\/portaldeyoung.uy\/?p=2752"},"modified":"2025-08-29T13:44:28","modified_gmt":"2025-08-29T13:44:28","slug":"reparacion-de-camino-de-acceso-a-paso-de-la-cruz","status":"publish","type":"post","link":"https:\/\/portaldeyoung.uy\/index.php\/2025\/08\/28\/reparacion-de-camino-de-acceso-a-paso-de-la-cruz\/","title":{"rendered":"Reparaci\u00f3n de camino de acceso a Paso de la Cruz"},"content":{"rendered":"\n<p>La Intendencia de R\u00edo Negro informa que comenzaron los trabajos de reparaci\u00f3n en el camino de acceso a Paso de la Cruz, sobre la Ruta 25 . Durante la obra, la circulaci\u00f3n quedar\u00e1 reducida a media calzada, por lo que se solicita a la poblaci\u00f3n minimizar el tr\u00e1nsito por esta v\u00eda hasta que el material utilizado logre asentarse correctamente.<\/p>\n\n\n\n<p>Se pide especialmente a las empresas forestales y al p\u00fablico en general utilizar este acceso \u00fanicamente en casos de extrema necesidad o emergencia. La Intendencia agradece la comprensi\u00f3n y colaboraci\u00f3n de todos para garantizar la seguridad vial y la efectividad de los trabajos.<\/p>\n\n\n\n<p>*<em>Foto de archivo &#8211; Imagen ilustrativa<\/em><\/p>\n","protected":false},"excerpt":{"rendered":"<p>La Intendencia de R\u00edo Negro informa que comenzaron los trabajos de reparaci\u00f3n en el camino de acceso a Paso de la Cruz, sobre la Ruta<\/p>\n","protected":false},"author":1,"featured_media":2753,"comment_status":"open","ping_status":"open","sticky":false,"template":"","format":"standard","meta":{"advgb_blocks_editor_width":"","advgb_blocks_columns_visual_guide":"","footnotes":"","jetpack_publicize_message":"","jetpack_publicize_feature_enabled":true,"jetpack_social_post_already_shared":true,"jetpack_social_options":{"image_generator_settings":{"template":"highway","default_image_id":0,"font":"","enabled":false},"version":2}},"categories":[4],"tags":[],"class_list":["post-2752","post","type-post","status-publish","format-standard","has-post-thumbnail","hentry","category-de-aca"],"author_meta":{"display_name":"Portal","author_link":"https:\/\/portaldeyoung.uy\/index.php\/author\/admin_port\/"},"featured_img":"https:\/\/portaldeyoung.uy\/wp-content\/uploads\/2025\/08\/CAMINERIA-2-300x158.jpg","jetpack_publicize_connections":[],"coauthors":[],"tax_additional":{"categories":{"linked":["<a href=\"https:\/\/portaldeyoung.uy\/index.php\/category\/de-aca\/\" class=\"advgb-post-tax-term\">De ac\u00e1<\/a>"],"unlinked":["<span class=\"advgb-post-tax-term\">De ac\u00e1<\/span>"]}},"comment_count":"0","relative_dates":{"created":"Publicado 8 meses hace","modified":"Actualizado 8 meses hace"},"absolute_dates":{"created":"Publicado el agosto 28, 2025","modified":"Actualizado el agosto 29, 2025"},"absolute_dates_time":{"created":"Publicado el agosto 28, 2025 12:56 pm","modified":"Actualizado el agosto 29, 2025 1:44 pm"},"featured_img_caption":"","series_order":"","_links":{"self":[{"href":"https:\/\/portaldeyoung.uy\/index.php\/wp-json\/wp\/v2\/posts\/2752","targetHints":{"allow":["GET"]}}],"collection":[{"href":"https:\/\/portaldeyoung.uy\/index.php\/wp-json\/wp\/v2\/posts"}],"about":[{"href":"https:\/\/portaldeyoung.uy\/index.php\/wp-json\/wp\/v2\/types\/post"}],"author":[{"embeddable":true,"href":"https:\/\/portaldeyoung.uy\/index.php\/wp-json\/wp\/v2\/users\/1"}],"replies":[{"embeddable":true,"href":"https:\/\/portaldeyoung.uy\/index.php\/wp-json\/wp\/v2\/comments?post=2752"}],"version-history":[{"count":1,"href":"https:\/\/portaldeyoung.uy\/index.php\/wp-json\/wp\/v2\/posts\/2752\/revisions"}],"predecessor-version":[{"id":2754,"href":"https:\/\/portaldeyoung.uy\/index.php\/wp-json\/wp\/v2\/posts\/2752\/revisions\/2754"}],"wp:featuredmedia":[{"embeddable":true,"href":"https:\/\/portaldeyoung.uy\/index.php\/wp-json\/wp\/v2\/media\/2753"}],"wp:attachment":[{"href":"https:\/\/portaldeyoung.uy\/index.php\/wp-json\/wp\/v2\/media?parent=2752"}],"wp:term":[{"taxonomy":"category","embeddable":true,"href":"https:\/\/portaldeyoung.uy\/index.php\/wp-json\/wp\/v2\/categories?post=2752"},{"taxonomy":"post_tag","embeddable":true,"href":"https:\/\/portaldeyoung.uy\/index.php\/wp-json\/wp\/v2\/tags?post=2752"}],"curies":[{"name":"wp","href":"https:\/\/api.w.org\/{rel}","templated":true}]}}