{"id":2748,"date":"2025-08-28T12:37:44","date_gmt":"2025-08-28T12:37:44","guid":{"rendered":"https:\/\/portaldeyoung.uy\/?p=2748"},"modified":"2025-08-29T13:44:36","modified_gmt":"2025-08-29T13:44:36","slug":"plenario-intersindical-de-young-denuncia-agresion-a-trabajador-de-claldy","status":"publish","type":"post","link":"https:\/\/portaldeyoung.uy\/index.php\/2025\/08\/28\/plenario-intersindical-de-young-denuncia-agresion-a-trabajador-de-claldy\/","title":{"rendered":"Plenario Intersindical de Young denuncia agresi\u00f3n a trabajador de CLALDY"},"content":{"rendered":"\n<p>El Plenario Intersindical de Trabajadores de Young emiti\u00f3 un comunicado en el que denuncia un grave incidente ocurrido en las inmediaciones de la planta de la empresa CLALDY.<\/p>\n\n\n\n<p>Seg\u00fan lo informado, un veh\u00edculo de color rojo, marca Volkswagen, embisti\u00f3 la carpa instalada en el ingreso a la planta, donde se encontraban integrantes del gremio de la empresa. Como consecuencia, un trabajador result\u00f3 lesionado, mientras que el conductor del autom\u00f3vil se dio a la fuga tras el hecho.<\/p>\n\n\n\n<p>La organizaci\u00f3n sindical expres\u00f3 su solidaridad con el trabajador agredido y reclam\u00f3 que la Justicia act\u00fae con determinaci\u00f3n para esclarecer responsabilidades. Asimismo, hicieron un llamado a no exacerbar la violencia y a respetar las libertades de los ciudadanos.<\/p>\n\n\n\n<p>Desde la intersindical remarcaron la necesidad de que este tipo de situaciones no se repitan y de que el \u00e1mbito de la protesta sindical pueda desarrollarse en un marco de garant\u00edas y respeto.<\/p>\n\n\n\n<figure class=\"wp-block-image size-large\"><img loading=\"lazy\" decoding=\"async\" width=\"709\" height=\"1024\" src=\"https:\/\/portaldeyoung.uy\/wp-content\/uploads\/2025\/08\/Plenario-709x1024.jpg\" alt=\"\" class=\"wp-image-2749\" srcset=\"https:\/\/portaldeyoung.uy\/wp-content\/uploads\/2025\/08\/Plenario-709x1024.jpg 709w, https:\/\/portaldeyoung.uy\/wp-content\/uploads\/2025\/08\/Plenario-208x300.jpg 208w, https:\/\/portaldeyoung.uy\/wp-content\/uploads\/2025\/08\/Plenario-768x1109.jpg 768w, https:\/\/portaldeyoung.uy\/wp-content\/uploads\/2025\/08\/Plenario.jpg 983w\" sizes=\"auto, (max-width: 709px) 100vw, 709px\" \/><\/figure>\n","protected":false},"excerpt":{"rendered":"<p>El Plenario Intersindical de Trabajadores de Young emiti\u00f3 un comunicado en el que denuncia un grave incidente ocurrido en las inmediaciones de la planta de<\/p>\n","protected":false},"author":1,"featured_media":2750,"comment_status":"open","ping_status":"open","sticky":false,"template":"","format":"standard","meta":{"advgb_blocks_editor_width":"","advgb_blocks_columns_visual_guide":"","footnotes":"","jetpack_publicize_message":"","jetpack_publicize_feature_enabled":true,"jetpack_social_post_already_shared":true,"jetpack_social_options":{"image_generator_settings":{"template":"highway","default_image_id":0,"font":"","enabled":false},"version":2}},"categories":[4],"tags":[],"class_list":["post-2748","post","type-post","status-publish","format-standard","has-post-thumbnail","hentry","category-de-aca"],"author_meta":{"display_name":"Portal","author_link":"https:\/\/portaldeyoung.uy\/index.php\/author\/admin_port\/"},"featured_img":"https:\/\/portaldeyoung.uy\/wp-content\/uploads\/2025\/08\/Lesiones-trabajador-300x225.jpg","jetpack_publicize_connections":[],"coauthors":[],"tax_additional":{"categories":{"linked":["<a href=\"https:\/\/portaldeyoung.uy\/index.php\/category\/de-aca\/\" class=\"advgb-post-tax-term\">De ac\u00e1<\/a>"],"unlinked":["<span class=\"advgb-post-tax-term\">De ac\u00e1<\/span>"]}},"comment_count":"0","relative_dates":{"created":"Publicado 8 meses hace","modified":"Actualizado 8 meses hace"},"absolute_dates":{"created":"Publicado el agosto 28, 2025","modified":"Actualizado el agosto 29, 2025"},"absolute_dates_time":{"created":"Publicado el agosto 28, 2025 12:37 pm","modified":"Actualizado el agosto 29, 2025 1:44 pm"},"featured_img_caption":"","series_order":"","_links":{"self":[{"href":"https:\/\/portaldeyoung.uy\/index.php\/wp-json\/wp\/v2\/posts\/2748","targetHints":{"allow":["GET"]}}],"collection":[{"href":"https:\/\/portaldeyoung.uy\/index.php\/wp-json\/wp\/v2\/posts"}],"about":[{"href":"https:\/\/portaldeyoung.uy\/index.php\/wp-json\/wp\/v2\/types\/post"}],"author":[{"embeddable":true,"href":"https:\/\/portaldeyoung.uy\/index.php\/wp-json\/wp\/v2\/users\/1"}],"replies":[{"embeddable":true,"href":"https:\/\/portaldeyoung.uy\/index.php\/wp-json\/wp\/v2\/comments?post=2748"}],"version-history":[{"count":1,"href":"https:\/\/portaldeyoung.uy\/index.php\/wp-json\/wp\/v2\/posts\/2748\/revisions"}],"predecessor-version":[{"id":2751,"href":"https:\/\/portaldeyoung.uy\/index.php\/wp-json\/wp\/v2\/posts\/2748\/revisions\/2751"}],"wp:featuredmedia":[{"embeddable":true,"href":"https:\/\/portaldeyoung.uy\/index.php\/wp-json\/wp\/v2\/media\/2750"}],"wp:attachment":[{"href":"https:\/\/portaldeyoung.uy\/index.php\/wp-json\/wp\/v2\/media?parent=2748"}],"wp:term":[{"taxonomy":"category","embeddable":true,"href":"https:\/\/portaldeyoung.uy\/index.php\/wp-json\/wp\/v2\/categories?post=2748"},{"taxonomy":"post_tag","embeddable":true,"href":"https:\/\/portaldeyoung.uy\/index.php\/wp-json\/wp\/v2\/tags?post=2748"}],"curies":[{"name":"wp","href":"https:\/\/api.w.org\/{rel}","templated":true}]}}