{"id":2742,"date":"2025-08-28T11:58:55","date_gmt":"2025-08-28T11:58:55","guid":{"rendered":"https:\/\/portaldeyoung.uy\/?p=2742"},"modified":"2025-08-28T11:58:58","modified_gmt":"2025-08-28T11:58:58","slug":"se-conformo-la-comision-departamental-de-carnaval-en-rio-negro","status":"publish","type":"post","link":"https:\/\/portaldeyoung.uy\/index.php\/2025\/08\/28\/se-conformo-la-comision-departamental-de-carnaval-en-rio-negro\/","title":{"rendered":"Se conform\u00f3 la Comisi\u00f3n Departamental de Carnaval en R\u00edo Negro"},"content":{"rendered":"\n<p>La Intendencia de R\u00edo Negro anunci\u00f3 la creaci\u00f3n de la Comisi\u00f3n Departamental de Carnaval, cumpliendo as\u00ed con uno de los compromisos asumidos en materia cultural. La comisi\u00f3n tendr\u00e1 como objetivo fortalecer la identidad cultural, promover el turismo y dinamizar la econom\u00eda local a trav\u00e9s de una visi\u00f3n que trascienda el espect\u00e1culo del carnaval y se proyecte durante todo el a\u00f1o.<\/p>\n\n\n\n<p>El intendente Guillermo Levratto subray\u00f3 la relevancia de esta medida: \u201cNo queremos vincularlo \u00fanicamente al evento del carnaval, sino a una mirada de mediano y largo plazo que respete las identidades de todo el departamento\u201d.<\/p>\n\n\n\n<p>Por su parte, el director de Cultura, Leonardo Mart\u00ednez, explic\u00f3 que los integrantes fueron seleccionados por su experiencia directa en la fiesta popular, requisito fundamental para asegurar compromiso y conocimiento.<\/p>\n\n\n\n<p>La comisi\u00f3n qued\u00f3 conformada de la siguiente manera:<\/p>\n\n\n\n<p>\u2022 Fray Bentos: Cecilia Eirin, Daniel Morales, Javier \u201cLolo\u201d Maciel, Javier Montes de Oca, Benjam\u00edn Airala y Dar\u00edo Amarillo.<br>\u2022 San Javier: Cecilia Crivoguzov.<br>\u2022 Young: Cristina Ergui (\u00e1rea de Juventud).<br>\u2022 Nuevo Berl\u00edn: Noelia Amarillo.<br>\u2022 Localidades no municipalizadas: coordinaci\u00f3n a cargo de Ver\u00f3nica Curbelo (Directora de Descentralizaci\u00f3n).<\/p>\n\n\n\n<p>Adem\u00e1s de los concursos y llamadas, se impulsar\u00e1n programas formativos para nuevas generaciones y espect\u00e1culos en distintas localidades, consolidando una pol\u00edtica p\u00fablica cultural de largo alcance en el departamento.<\/p>\n","protected":false},"excerpt":{"rendered":"<p>La Intendencia de R\u00edo Negro anunci\u00f3 la creaci\u00f3n de la Comisi\u00f3n Departamental de Carnaval, cumpliendo as\u00ed con uno de los compromisos asumidos en materia cultural.<\/p>\n","protected":false},"author":1,"featured_media":2743,"comment_status":"open","ping_status":"open","sticky":false,"template":"","format":"standard","meta":{"advgb_blocks_editor_width":"","advgb_blocks_columns_visual_guide":"","footnotes":"","jetpack_publicize_message":"","jetpack_publicize_feature_enabled":true,"jetpack_social_post_already_shared":true,"jetpack_social_options":{"image_generator_settings":{"template":"highway","default_image_id":0,"font":"","enabled":false},"version":2}},"categories":[6],"tags":[],"class_list":["post-2742","post","type-post","status-publish","format-standard","has-post-thumbnail","hentry","category-del-departamento"],"author_meta":{"display_name":"Portal","author_link":"https:\/\/portaldeyoung.uy\/index.php\/author\/admin_port\/"},"featured_img":"https:\/\/portaldeyoung.uy\/wp-content\/uploads\/2025\/08\/comision-de-carnaval-anuncio-300x168.jpg","jetpack_publicize_connections":[],"coauthors":[],"tax_additional":{"categories":{"linked":["<a href=\"https:\/\/portaldeyoung.uy\/index.php\/category\/del-departamento\/\" class=\"advgb-post-tax-term\">Del departamento<\/a>"],"unlinked":["<span class=\"advgb-post-tax-term\">Del departamento<\/span>"]}},"comment_count":"0","relative_dates":{"created":"Publicado 8 meses hace","modified":"Actualizado 8 meses hace"},"absolute_dates":{"created":"Publicado el agosto 28, 2025","modified":"Actualizado el agosto 28, 2025"},"absolute_dates_time":{"created":"Publicado el agosto 28, 2025 11:58 am","modified":"Actualizado el agosto 28, 2025 11:58 am"},"featured_img_caption":"","series_order":"","_links":{"self":[{"href":"https:\/\/portaldeyoung.uy\/index.php\/wp-json\/wp\/v2\/posts\/2742","targetHints":{"allow":["GET"]}}],"collection":[{"href":"https:\/\/portaldeyoung.uy\/index.php\/wp-json\/wp\/v2\/posts"}],"about":[{"href":"https:\/\/portaldeyoung.uy\/index.php\/wp-json\/wp\/v2\/types\/post"}],"author":[{"embeddable":true,"href":"https:\/\/portaldeyoung.uy\/index.php\/wp-json\/wp\/v2\/users\/1"}],"replies":[{"embeddable":true,"href":"https:\/\/portaldeyoung.uy\/index.php\/wp-json\/wp\/v2\/comments?post=2742"}],"version-history":[{"count":1,"href":"https:\/\/portaldeyoung.uy\/index.php\/wp-json\/wp\/v2\/posts\/2742\/revisions"}],"predecessor-version":[{"id":2744,"href":"https:\/\/portaldeyoung.uy\/index.php\/wp-json\/wp\/v2\/posts\/2742\/revisions\/2744"}],"wp:featuredmedia":[{"embeddable":true,"href":"https:\/\/portaldeyoung.uy\/index.php\/wp-json\/wp\/v2\/media\/2743"}],"wp:attachment":[{"href":"https:\/\/portaldeyoung.uy\/index.php\/wp-json\/wp\/v2\/media?parent=2742"}],"wp:term":[{"taxonomy":"category","embeddable":true,"href":"https:\/\/portaldeyoung.uy\/index.php\/wp-json\/wp\/v2\/categories?post=2742"},{"taxonomy":"post_tag","embeddable":true,"href":"https:\/\/portaldeyoung.uy\/index.php\/wp-json\/wp\/v2\/tags?post=2742"}],"curies":[{"name":"wp","href":"https:\/\/api.w.org\/{rel}","templated":true}]}}