{"id":2713,"date":"2025-08-27T15:18:33","date_gmt":"2025-08-27T15:18:33","guid":{"rendered":"https:\/\/portaldeyoung.uy\/?p=2713"},"modified":"2025-08-28T12:27:17","modified_gmt":"2025-08-28T12:27:17","slug":"denuncia-por-incendio-en-cantera-de-residuos-en-paso-de-la-laguna","status":"publish","type":"post","link":"https:\/\/portaldeyoung.uy\/index.php\/2025\/08\/27\/denuncia-por-incendio-en-cantera-de-residuos-en-paso-de-la-laguna\/","title":{"rendered":"Denuncia por incendio en cantera de residuos en Paso de la Laguna"},"content":{"rendered":"\n<p>En la jornada de ayer se recibi\u00f3 un llamado solicitando presencia policial en la zona de Ruta N\u00b020 y camino Paso de la Laguna, debido a un incendio en el lugar.<\/p>\n\n\n\n<p>Al llegar, el personal policial constat\u00f3 que, en una cantera ubicada a un kil\u00f3metro del empalme con la ruta, la cual se encontraba llena de residuos de basura, se hab\u00eda iniciado un foco \u00edgneo que se dispers\u00f3, provocando la quema de malezas en la banquina.<\/p>\n\n\n\n<p>De inmediato se hizo presente en el lugar una dotaci\u00f3n de Bomberos de Young, quienes lograron sofocar el incendio y evitar que las llamas se propagaran hacia \u00e1reas mayores.<\/p>\n\n\n\n<p>Las autoridades contin\u00faan investigando las circunstancias en que se origin\u00f3 el fuego.<\/p>\n","protected":false},"excerpt":{"rendered":"<p>En la jornada de ayer se recibi\u00f3 un llamado solicitando presencia policial en la zona de Ruta N\u00b020 y camino Paso de la Laguna, debido<\/p>\n","protected":false},"author":1,"featured_media":1357,"comment_status":"open","ping_status":"open","sticky":false,"template":"","format":"standard","meta":{"advgb_blocks_editor_width":"","advgb_blocks_columns_visual_guide":"","footnotes":"","jetpack_publicize_message":"","jetpack_publicize_feature_enabled":true,"jetpack_social_post_already_shared":true,"jetpack_social_options":{"image_generator_settings":{"template":"highway","default_image_id":0,"font":"","enabled":false},"version":2}},"categories":[4],"tags":[],"class_list":["post-2713","post","type-post","status-publish","format-standard","has-post-thumbnail","hentry","category-de-aca"],"author_meta":{"display_name":"Portal","author_link":"https:\/\/portaldeyoung.uy\/index.php\/author\/admin_port\/"},"featured_img":"https:\/\/portaldeyoung.uy\/wp-content\/uploads\/2025\/07\/Policia-movil-300x195.png","jetpack_publicize_connections":[],"coauthors":[],"tax_additional":{"categories":{"linked":["<a href=\"https:\/\/portaldeyoung.uy\/index.php\/category\/de-aca\/\" class=\"advgb-post-tax-term\">De ac\u00e1<\/a>"],"unlinked":["<span class=\"advgb-post-tax-term\">De ac\u00e1<\/span>"]}},"comment_count":"0","relative_dates":{"created":"Publicado 8 meses hace","modified":"Actualizado 8 meses hace"},"absolute_dates":{"created":"Publicado el agosto 27, 2025","modified":"Actualizado el agosto 28, 2025"},"absolute_dates_time":{"created":"Publicado el agosto 27, 2025 3:18 pm","modified":"Actualizado el agosto 28, 2025 12:27 pm"},"featured_img_caption":"","series_order":"","_links":{"self":[{"href":"https:\/\/portaldeyoung.uy\/index.php\/wp-json\/wp\/v2\/posts\/2713","targetHints":{"allow":["GET"]}}],"collection":[{"href":"https:\/\/portaldeyoung.uy\/index.php\/wp-json\/wp\/v2\/posts"}],"about":[{"href":"https:\/\/portaldeyoung.uy\/index.php\/wp-json\/wp\/v2\/types\/post"}],"author":[{"embeddable":true,"href":"https:\/\/portaldeyoung.uy\/index.php\/wp-json\/wp\/v2\/users\/1"}],"replies":[{"embeddable":true,"href":"https:\/\/portaldeyoung.uy\/index.php\/wp-json\/wp\/v2\/comments?post=2713"}],"version-history":[{"count":1,"href":"https:\/\/portaldeyoung.uy\/index.php\/wp-json\/wp\/v2\/posts\/2713\/revisions"}],"predecessor-version":[{"id":2714,"href":"https:\/\/portaldeyoung.uy\/index.php\/wp-json\/wp\/v2\/posts\/2713\/revisions\/2714"}],"wp:featuredmedia":[{"embeddable":true,"href":"https:\/\/portaldeyoung.uy\/index.php\/wp-json\/wp\/v2\/media\/1357"}],"wp:attachment":[{"href":"https:\/\/portaldeyoung.uy\/index.php\/wp-json\/wp\/v2\/media?parent=2713"}],"wp:term":[{"taxonomy":"category","embeddable":true,"href":"https:\/\/portaldeyoung.uy\/index.php\/wp-json\/wp\/v2\/categories?post=2713"},{"taxonomy":"post_tag","embeddable":true,"href":"https:\/\/portaldeyoung.uy\/index.php\/wp-json\/wp\/v2\/tags?post=2713"}],"curies":[{"name":"wp","href":"https:\/\/api.w.org\/{rel}","templated":true}]}}