{"id":2708,"date":"2025-08-27T15:03:30","date_gmt":"2025-08-27T15:03:30","guid":{"rendered":"https:\/\/portaldeyoung.uy\/?p=2708"},"modified":"2025-08-27T15:03:33","modified_gmt":"2025-08-27T15:03:33","slug":"el-ministro-del-interior-removio-al-jefe-de-policia-de-rio-negro-sergio-sole","status":"publish","type":"post","link":"https:\/\/portaldeyoung.uy\/index.php\/2025\/08\/27\/el-ministro-del-interior-removio-al-jefe-de-policia-de-rio-negro-sergio-sole\/","title":{"rendered":"El ministro del Interior removi\u00f3 al jefe de Polic\u00eda de R\u00edo Negro, Sergio Sol\u00e9"},"content":{"rendered":"\n<h4 class=\"wp-block-heading\">El jerarca le transmiti\u00f3 la decisi\u00f3n en una reuni\u00f3n que mantuvieron esta ma\u00f1ana; sus declaraciones en una radio local y el deterioro de la relaci\u00f3n con la oposici\u00f3n fueron desencadenantes.<\/h4>\n\n\n\n<p>El ministro del Interior, Carlos Negro, mantuvo una reuni\u00f3n este mi\u00e9rcoles con el jefe de Polic\u00eda de R\u00edo Negro, Sergio Sol\u00e9, quien en los \u00faltimos d\u00edas fue blanco de cr\u00edticas de parte de la oposici\u00f3n por su participaci\u00f3n en una reuni\u00f3n partidaria y por sus declaraciones en una radio local, y le transmiti\u00f3 su decisi\u00f3n de removerlo del cargo, seg\u00fan supo <em>la diaria<\/em> por fuentes de la cartera.<\/p>\n\n\n\n<p>El Partido Nacional (PN) hab\u00eda pedido la renuncia de Sol\u00e9 por asistir a una reuni\u00f3n de la agrupaci\u00f3n departamental del gobierno del Frente Amplio (FA) y por responder al diputado blanco Pablo Abdala en un programa de la radio local FM Impacto, en el que critic\u00f3 algunos de los episodios de la administraci\u00f3n del expresidente Luis Lacalle Pou. El PN hab\u00eda amenazado con retirarse del di\u00e1logo sobre la seguridad p\u00fablica convocado por el gobierno si Negro no lo cesaba de su cargo.<\/p>\n\n\n\n<p>Seg\u00fan informaron a <em>la diaria<\/em>, la decisi\u00f3n de cesarlo no responde a la gesti\u00f3n de Sol\u00e9, que en la reuni\u00f3n de esta ma\u00f1ana fue \u201cbien evaluada\u201d, ni a \u201cla legalidad de su participaci\u00f3n en la reuni\u00f3n\u201d del FA, porque, seg\u00fan se entendi\u00f3, \u201cno se viol\u00f3 la Constituci\u00f3n ni la Ley Org\u00e1nica Policial\u201d, como plante\u00f3 la oposici\u00f3n. Lo que s\u00ed desencaden\u00f3 la resoluci\u00f3n fue \u201cel error que cometi\u00f3 en sus expresiones p\u00fablicas\u201d y el deterioro de la relaci\u00f3n con la oposici\u00f3n.<\/p>\n\n\n\n<p><em>*La Diaria<\/em><\/p>\n","protected":false},"excerpt":{"rendered":"<p>El jerarca le transmiti\u00f3 la decisi\u00f3n en una reuni\u00f3n que mantuvieron esta ma\u00f1ana; sus declaraciones en una radio local y el deterioro de la relaci\u00f3n<\/p>\n","protected":false},"author":1,"featured_media":2709,"comment_status":"open","ping_status":"open","sticky":false,"template":"","format":"standard","meta":{"advgb_blocks_editor_width":"","advgb_blocks_columns_visual_guide":"","footnotes":"","jetpack_publicize_message":"","jetpack_publicize_feature_enabled":true,"jetpack_social_post_already_shared":true,"jetpack_social_options":{"image_generator_settings":{"template":"highway","default_image_id":0,"font":"","enabled":false},"version":2}},"categories":[6],"tags":[],"class_list":["post-2708","post","type-post","status-publish","format-standard","has-post-thumbnail","hentry","category-del-departamento"],"author_meta":{"display_name":"Portal","author_link":"https:\/\/portaldeyoung.uy\/index.php\/author\/admin_port\/"},"featured_img":"https:\/\/portaldeyoung.uy\/wp-content\/uploads\/2025\/08\/sole-1-300x218.jpg","jetpack_publicize_connections":[],"coauthors":[],"tax_additional":{"categories":{"linked":["<a href=\"https:\/\/portaldeyoung.uy\/index.php\/category\/del-departamento\/\" class=\"advgb-post-tax-term\">Del departamento<\/a>"],"unlinked":["<span class=\"advgb-post-tax-term\">Del departamento<\/span>"]}},"comment_count":"0","relative_dates":{"created":"Publicado 8 meses hace","modified":"Actualizado 8 meses hace"},"absolute_dates":{"created":"Publicado el agosto 27, 2025","modified":"Actualizado el agosto 27, 2025"},"absolute_dates_time":{"created":"Publicado el agosto 27, 2025 3:03 pm","modified":"Actualizado el agosto 27, 2025 3:03 pm"},"featured_img_caption":"","series_order":"","_links":{"self":[{"href":"https:\/\/portaldeyoung.uy\/index.php\/wp-json\/wp\/v2\/posts\/2708","targetHints":{"allow":["GET"]}}],"collection":[{"href":"https:\/\/portaldeyoung.uy\/index.php\/wp-json\/wp\/v2\/posts"}],"about":[{"href":"https:\/\/portaldeyoung.uy\/index.php\/wp-json\/wp\/v2\/types\/post"}],"author":[{"embeddable":true,"href":"https:\/\/portaldeyoung.uy\/index.php\/wp-json\/wp\/v2\/users\/1"}],"replies":[{"embeddable":true,"href":"https:\/\/portaldeyoung.uy\/index.php\/wp-json\/wp\/v2\/comments?post=2708"}],"version-history":[{"count":1,"href":"https:\/\/portaldeyoung.uy\/index.php\/wp-json\/wp\/v2\/posts\/2708\/revisions"}],"predecessor-version":[{"id":2710,"href":"https:\/\/portaldeyoung.uy\/index.php\/wp-json\/wp\/v2\/posts\/2708\/revisions\/2710"}],"wp:featuredmedia":[{"embeddable":true,"href":"https:\/\/portaldeyoung.uy\/index.php\/wp-json\/wp\/v2\/media\/2709"}],"wp:attachment":[{"href":"https:\/\/portaldeyoung.uy\/index.php\/wp-json\/wp\/v2\/media?parent=2708"}],"wp:term":[{"taxonomy":"category","embeddable":true,"href":"https:\/\/portaldeyoung.uy\/index.php\/wp-json\/wp\/v2\/categories?post=2708"},{"taxonomy":"post_tag","embeddable":true,"href":"https:\/\/portaldeyoung.uy\/index.php\/wp-json\/wp\/v2\/tags?post=2708"}],"curies":[{"name":"wp","href":"https:\/\/api.w.org\/{rel}","templated":true}]}}