{"id":2675,"date":"2025-08-26T20:21:04","date_gmt":"2025-08-26T20:21:04","guid":{"rendered":"https:\/\/portaldeyoung.uy\/?p=2675"},"modified":"2025-08-27T15:12:54","modified_gmt":"2025-08-27T15:12:54","slug":"sigue-la-polemica-entorno-al-jefe-de-policia-sergio-sole-ahora-a-nivel-radial","status":"publish","type":"post","link":"https:\/\/portaldeyoung.uy\/index.php\/2025\/08\/26\/sigue-la-polemica-entorno-al-jefe-de-policia-sergio-sole-ahora-a-nivel-radial\/","title":{"rendered":"Sigue la pol\u00e9mica entorno al Jefe de Polic\u00eda Sergio Sol\u00e9, ahora a nivel radial"},"content":{"rendered":"\n<p>El Partido Nacional de R\u00edo Negro cuestion\u00f3 la presencia del jefe de Polic\u00eda departamental, Sergio Sol\u00e9, en una reuni\u00f3n de la mesa pol\u00edtica del Frente Amplio realizada en Young.<\/p>\n\n\n\n<p>La diputada nacionalista Mercedes Long inform\u00f3 que solicitar\u00e1n la renuncia o destituci\u00f3n de Sol\u00e9 y que citar\u00e1n al ministro del Interior a la Comisi\u00f3n de Seguridad del Parlamento para dar explicaciones.<\/p>\n\n\n\n<p>La legisladora record\u00f3 que el art\u00edculo 77 de la Constituci\u00f3n proh\u00edbe la participaci\u00f3n pol\u00edtica a militares y polic\u00edas en actividad, y hasta dos a\u00f1os despu\u00e9s del retiro.<\/p>\n\n\n\n<p>Sol\u00e9 est\u00e1 retirado desde hace ocho a\u00f1os y lleg\u00f3 a militar por el Frente Amplio en las elecciones pasadas.<\/p>\n\n\n\n<p>Por su parte, la diputada frenteamplista Sylvia Ibarguren sostuvo que el cargo de jefe de Polic\u00eda es de car\u00e1cter pol\u00edtico y que, al estar retirado, Sol\u00e9 no se encuentra impedido de participar en ese tipo de instancias partidarias.<\/p>\n\n\n\n<p><strong>Intervenci\u00f3n en IMPACTO FM de Fray Bentos<\/strong><\/p>\n\n\n\n<p>El excandidato presidencial Alvaro Delgado hace referencia a que, mientras el diputado nacionalista <strong>Pablo Abdala<\/strong> estaba en una entrevista para Impacto FM de Fray Bentos, <strong>Sol\u00e9 envi\u00f3 un mensaje que se ley\u00f3 al aire. Este texto conten\u00eda \u201cuna catarata de agravios\u201d hacia el Partido Nacional<\/strong>, reclam\u00f3 el exviceministro del Interior a trav\u00e9s de un tuit.<\/p>\n\n\n\n<p>El jefe policial envi\u00f3 un mensaje diciendo que \u201calgunos blancos entienden que no [viol\u00f3] ninguna norma, pero parece que [falt\u00f3] a la \u00e9tica\u201d. As\u00ed, cuestion\u00f3 si se trata de <strong>la misma vara \u00e9tica que \u201cmidieron a los que mintieron en el Parlamento, entraron por el garaje de la Torre Ejecutiva, los que rompieron documentos en el piso 11<\/strong>\u201d, todos episodios vinculados con el caso del narcotraficante Sebasti\u00e1n Marset durante el per\u00edodo pasado. Tambi\u00e9n hizo alusi\u00f3n a \u201clos que se robaron la mitad de Artigas\u201d o \u201clos que se metieron 30 ediles en Salto Grande\u201d.<\/p>\n\n\n\n<p>En respuesta, durante el programa, Abdala asegur\u00f3 que no debatir\u00eda con Sol\u00e9 p\u00fablicamente.<\/p>\n\n\n\n<p><em>*Con informaci\u00f3n de Medios P\u00fablicos y Montevideo Portal<\/em><\/p>\n","protected":false},"excerpt":{"rendered":"<p>El Partido Nacional de R\u00edo Negro cuestion\u00f3 la presencia del jefe de Polic\u00eda departamental, Sergio Sol\u00e9, en una reuni\u00f3n de la mesa pol\u00edtica del Frente<\/p>\n","protected":false},"author":1,"featured_media":2676,"comment_status":"open","ping_status":"open","sticky":false,"template":"","format":"standard","meta":{"advgb_blocks_editor_width":"","advgb_blocks_columns_visual_guide":"","footnotes":"","jetpack_publicize_message":"","jetpack_publicize_feature_enabled":true,"jetpack_social_post_already_shared":true,"jetpack_social_options":{"image_generator_settings":{"template":"highway","default_image_id":0,"font":"","enabled":false},"version":2}},"categories":[6],"tags":[],"class_list":["post-2675","post","type-post","status-publish","format-standard","has-post-thumbnail","hentry","category-del-departamento"],"author_meta":{"display_name":"Portal","author_link":"https:\/\/portaldeyoung.uy\/index.php\/author\/admin_port\/"},"featured_img":"https:\/\/portaldeyoung.uy\/wp-content\/uploads\/2025\/08\/sole-300x244.jpg","jetpack_publicize_connections":[],"coauthors":[],"tax_additional":{"categories":{"linked":["<a href=\"https:\/\/portaldeyoung.uy\/index.php\/category\/del-departamento\/\" class=\"advgb-post-tax-term\">Del departamento<\/a>"],"unlinked":["<span class=\"advgb-post-tax-term\">Del departamento<\/span>"]}},"comment_count":"0","relative_dates":{"created":"Publicado 8 meses hace","modified":"Actualizado 8 meses hace"},"absolute_dates":{"created":"Publicado el agosto 26, 2025","modified":"Actualizado el agosto 27, 2025"},"absolute_dates_time":{"created":"Publicado el agosto 26, 2025 8:21 pm","modified":"Actualizado el agosto 27, 2025 3:12 pm"},"featured_img_caption":"","series_order":"","_links":{"self":[{"href":"https:\/\/portaldeyoung.uy\/index.php\/wp-json\/wp\/v2\/posts\/2675","targetHints":{"allow":["GET"]}}],"collection":[{"href":"https:\/\/portaldeyoung.uy\/index.php\/wp-json\/wp\/v2\/posts"}],"about":[{"href":"https:\/\/portaldeyoung.uy\/index.php\/wp-json\/wp\/v2\/types\/post"}],"author":[{"embeddable":true,"href":"https:\/\/portaldeyoung.uy\/index.php\/wp-json\/wp\/v2\/users\/1"}],"replies":[{"embeddable":true,"href":"https:\/\/portaldeyoung.uy\/index.php\/wp-json\/wp\/v2\/comments?post=2675"}],"version-history":[{"count":1,"href":"https:\/\/portaldeyoung.uy\/index.php\/wp-json\/wp\/v2\/posts\/2675\/revisions"}],"predecessor-version":[{"id":2677,"href":"https:\/\/portaldeyoung.uy\/index.php\/wp-json\/wp\/v2\/posts\/2675\/revisions\/2677"}],"wp:featuredmedia":[{"embeddable":true,"href":"https:\/\/portaldeyoung.uy\/index.php\/wp-json\/wp\/v2\/media\/2676"}],"wp:attachment":[{"href":"https:\/\/portaldeyoung.uy\/index.php\/wp-json\/wp\/v2\/media?parent=2675"}],"wp:term":[{"taxonomy":"category","embeddable":true,"href":"https:\/\/portaldeyoung.uy\/index.php\/wp-json\/wp\/v2\/categories?post=2675"},{"taxonomy":"post_tag","embeddable":true,"href":"https:\/\/portaldeyoung.uy\/index.php\/wp-json\/wp\/v2\/tags?post=2675"}],"curies":[{"name":"wp","href":"https:\/\/api.w.org\/{rel}","templated":true}]}}