{"id":2659,"date":"2025-08-26T19:33:37","date_gmt":"2025-08-26T19:33:37","guid":{"rendered":"https:\/\/portaldeyoung.uy\/?p=2659"},"modified":"2025-08-26T19:33:40","modified_gmt":"2025-08-26T19:33:40","slug":"orsi-y-cosse-se-reunieron-con-el-vicepresidente-del-area-de-ciberseguridad-de-google","status":"publish","type":"post","link":"https:\/\/portaldeyoung.uy\/index.php\/2025\/08\/26\/orsi-y-cosse-se-reunieron-con-el-vicepresidente-del-area-de-ciberseguridad-de-google\/","title":{"rendered":"Orsi y Cosse se reunieron con el vicepresidente del \u00e1rea de ciberseguridad de Google"},"content":{"rendered":"\n<h3 class=\"wp-block-heading\">La vicepresidenta dijo que se habl\u00f3 de \u201cprofundizar la relaci\u00f3n\u201d de confianza que se ha \u201cgenerado a lo largo de estos a\u00f1os\u201d entre Uruguay y la empresa multinacional.<\/h3>\n\n\n\n<p>Este martes, el presidente Yamand\u00fa Orsi y la vicepresidenta Carolina Cosse se reunieron en la Torre Ejecutiva con representantes de la vertical de ingenier\u00eda de privacidad, seguridad y protecci\u00f3n de la empresa Google, entre ellos, su vicepresidente, Royal Hansen.<\/p>\n\n\n\n<p>En una rueda de prensa Cosse se\u00f1al\u00f3 que en el encuentro se habl\u00f3 de \u201cprofundizar la relaci\u00f3n\u201d entre Uruguay y la multinacional, que hace casi un a\u00f1o puso la piedra fundamental para el <em>data center<\/em> que tendr\u00e1 en el Parque de las Ciencias, en Canelones.<\/p>\n\n\n\n<p>En la reuni\u00f3n tambi\u00e9n participaron el directivo de Google Cloud para Am\u00e9rica Latina, Jorge Blanco; la directora de Asuntos Gubernamentales y Pol\u00edtica P\u00fablica de Google para Am\u00e9rica Latina, Eleonora Rabinovich, y la gerenta de Relaciones con Gobierno y Pol\u00edticas P\u00fablicas para el Cono Sur, Tamar Colodenco, inform\u00f3 <em>Subrayado<\/em>.<\/p>\n\n\n\n<p>La vicepresidenta se\u00f1al\u00f3 que ha \u201cgenerado a lo largo de estos a\u00f1os una relaci\u00f3n de confianza\u201d con Google, que ha ido m\u00e1s all\u00e1 de los gobiernos de turno, a partir de la construcci\u00f3n del cable submarino en copropiedad con Google, la generaci\u00f3n de marcos normativos y de facilidades para que tambi\u00e9n la empresa instalara su data center.<\/p>\n\n\n\n<p>\u201cSumamos marco normativo, energ\u00eda, conectividad; vamos a esperar que madure la posibilidad de una cooperaci\u00f3n m\u00e1s profunda\u201d, dijo Cosse, y agreg\u00f3 que \u201cfue una reuni\u00f3n para intercambiar ideas sobre temas de ciberseguridad\u201d.<\/p>\n\n\n\n<p>Acerca del data center dijo que su construcci\u00f3n est\u00e1 en marcha y que, si bien la reuni\u00f3n no fue con el equipo de ese proyecto, s\u00ed se convers\u00f3 sobre el programa de trabajo con la comunidad que Google est\u00e1 realizando. Cosse se\u00f1al\u00f3 que ha hecho \u201cun desembolso importante de dinero\u201d, de cientos de miles de d\u00f3lares, \u201cpara fomentar la capacitaci\u00f3n\u201d y el \u201cmanejo de tecnolog\u00eda\u201d en la poblaci\u00f3n de los alrededores del data center.<\/p>\n\n\n\n<p>\u201cTenemos que dejar crecer la relaci\u00f3n, porque estamos parados en un lugar muy s\u00f3lido, por la cantidad de a\u00f1os y de enormes proyectos que Uruguay ha hecho en conjunto con Google y que, adem\u00e1s, Google est\u00e1 en Uruguay con su propio data center\u201d, agreg\u00f3 la vicepresidenta.<\/p>\n\n\n\n<p><em>*La Diaria<\/em><\/p>\n","protected":false},"excerpt":{"rendered":"<p>La vicepresidenta dijo que se habl\u00f3 de \u201cprofundizar la relaci\u00f3n\u201d de confianza que se ha \u201cgenerado a lo largo de estos a\u00f1os\u201d entre Uruguay y<\/p>\n","protected":false},"author":1,"featured_media":2660,"comment_status":"open","ping_status":"open","sticky":false,"template":"","format":"standard","meta":{"advgb_blocks_editor_width":"","advgb_blocks_columns_visual_guide":"","footnotes":"","jetpack_publicize_message":"","jetpack_publicize_feature_enabled":true,"jetpack_social_post_already_shared":true,"jetpack_social_options":{"image_generator_settings":{"template":"highway","default_image_id":0,"font":"","enabled":false},"version":2}},"categories":[7],"tags":[],"class_list":["post-2659","post","type-post","status-publish","format-standard","has-post-thumbnail","hentry","category-del-pais"],"author_meta":{"display_name":"Portal","author_link":"https:\/\/portaldeyoung.uy\/index.php\/author\/admin_port\/"},"featured_img":"https:\/\/portaldeyoung.uy\/wp-content\/uploads\/2025\/08\/orsi-google-300x200.jpg","jetpack_publicize_connections":[],"coauthors":[],"tax_additional":{"categories":{"linked":["<a href=\"https:\/\/portaldeyoung.uy\/index.php\/category\/del-pais\/\" class=\"advgb-post-tax-term\">Del pa\u00eds<\/a>"],"unlinked":["<span class=\"advgb-post-tax-term\">Del pa\u00eds<\/span>"]}},"comment_count":"0","relative_dates":{"created":"Publicado 8 meses hace","modified":"Actualizado 8 meses hace"},"absolute_dates":{"created":"Publicado el agosto 26, 2025","modified":"Actualizado el agosto 26, 2025"},"absolute_dates_time":{"created":"Publicado el agosto 26, 2025 7:33 pm","modified":"Actualizado el agosto 26, 2025 7:33 pm"},"featured_img_caption":"","series_order":"","_links":{"self":[{"href":"https:\/\/portaldeyoung.uy\/index.php\/wp-json\/wp\/v2\/posts\/2659","targetHints":{"allow":["GET"]}}],"collection":[{"href":"https:\/\/portaldeyoung.uy\/index.php\/wp-json\/wp\/v2\/posts"}],"about":[{"href":"https:\/\/portaldeyoung.uy\/index.php\/wp-json\/wp\/v2\/types\/post"}],"author":[{"embeddable":true,"href":"https:\/\/portaldeyoung.uy\/index.php\/wp-json\/wp\/v2\/users\/1"}],"replies":[{"embeddable":true,"href":"https:\/\/portaldeyoung.uy\/index.php\/wp-json\/wp\/v2\/comments?post=2659"}],"version-history":[{"count":1,"href":"https:\/\/portaldeyoung.uy\/index.php\/wp-json\/wp\/v2\/posts\/2659\/revisions"}],"predecessor-version":[{"id":2661,"href":"https:\/\/portaldeyoung.uy\/index.php\/wp-json\/wp\/v2\/posts\/2659\/revisions\/2661"}],"wp:featuredmedia":[{"embeddable":true,"href":"https:\/\/portaldeyoung.uy\/index.php\/wp-json\/wp\/v2\/media\/2660"}],"wp:attachment":[{"href":"https:\/\/portaldeyoung.uy\/index.php\/wp-json\/wp\/v2\/media?parent=2659"}],"wp:term":[{"taxonomy":"category","embeddable":true,"href":"https:\/\/portaldeyoung.uy\/index.php\/wp-json\/wp\/v2\/categories?post=2659"},{"taxonomy":"post_tag","embeddable":true,"href":"https:\/\/portaldeyoung.uy\/index.php\/wp-json\/wp\/v2\/tags?post=2659"}],"curies":[{"name":"wp","href":"https:\/\/api.w.org\/{rel}","templated":true}]}}