{"id":2628,"date":"2025-08-25T20:19:59","date_gmt":"2025-08-25T20:19:59","guid":{"rendered":"https:\/\/portaldeyoung.uy\/?p=2628"},"modified":"2025-08-27T15:12:46","modified_gmt":"2025-08-27T15:12:46","slug":"se-recordo-el-bicentenario-de-la-declaratoria-de-la-independencia","status":"publish","type":"post","link":"https:\/\/portaldeyoung.uy\/index.php\/2025\/08\/25\/se-recordo-el-bicentenario-de-la-declaratoria-de-la-independencia\/","title":{"rendered":"Se record\u00f3 el Bicentenario de la Declaratoria de la Independencia"},"content":{"rendered":"\n<p>Autoridades locales, medios de comunicaci\u00f3n, escuelas y vecinos se congregaron alrededor de las 10 de la ma\u00f1ana en Plaza Independencia, luego del&nbsp;gran desfile de aparecer\u00edas departamentales por la calle 18 de Julio y calle Gral. Gervasio Artigas, para rendir homenaje a esta fecha ic\u00f3nica en nuestro patrimonio nacional.<\/p>\n\n\n\n<p>En este acto se record\u00f3 la serie de proezas llevadas a cabo por nuestros libertadores patrios, cuando todav\u00eda nuestro pa\u00eds estaba a gobernado a manos del  Imperio de Brasil, fue precisamente en el a\u00f1o 1825 cuando se consum\u00f3 la Independencia de Uruguay, pasando la naci\u00f3n a ser declarada como parte de Las Provincias Unidas del R\u00edo de La Plata, a las cuales siempre perteneci\u00f3, estableciendo tres leyes: La Independencia del Imperio Portugu\u00e9s y cualquier poder extranjero, la Ley de Uni\u00f3n y el establecimiento de El Pabell\u00f3n Nacional, el cl\u00e1sico estandarte patrio tricolor azul, blanco y rojo.&nbsp;<\/p>\n\n\n\n<p>Culminando esto fue cuando se dio pie a la siguiente Guerra Cisplatina la cual se libr\u00f3 en los a\u00f1os venideros en nuestro territorio hasta finalmente establecer la soberan\u00eda de la Banda Oriental.&nbsp;<\/p>\n\n\n\n<p>Integrantes del Coro Polif\u00f3nico participaron acompa\u00f1ando en las estrofas de El Himno Nacional y el joven guitarrista y payador de la localidad Facundo Mart\u00ednez, interpret\u00f3 dos piezas de su autor\u00eda en conmemoraci\u00f3n al D\u00eda del Payador (24 de Agosto) y la fecha patria.<\/p>\n\n\n\n<p>Autoridades departamentales, referentes locales, alumnos y Pabellones Patrios Escolares rindieron homenaje ante el monumento del pr\u00f3cer nacional Jose Gervasio Artigas decorando con arreglos florales y adornos especialmente elaborados para este d\u00eda.<\/p>\n\n\n\n<p>*<em>Cobertura Rafael Pepe para el Portal de Young<\/em><\/p>\n\n\n\n<div class=\"wp-block-advgb-images-slider advgb-images-slider-block advg-images-slider-e19bd60a-e624-4590-97b3-ada92f07ba41\"><div class=\"advgb-images-slider\" dir=\"ltr\"><div class=\"advgb-image-slider-item\"><img decoding=\"async\" src=\"https:\/\/portaldeyoung.uy\/wp-content\/uploads\/2025\/08\/Banderas-y-Artigas-ACTO-1.png\" class=\"advgb-image-slider-img\" alt=\"\" style=\"width:100%;height:auto\"\/><div class=\"advgb-image-slider-item-info\" style=\"justify-content:center;align-items:center\"><\/div><\/div><div class=\"advgb-image-slider-item\"><img decoding=\"async\" src=\"https:\/\/portaldeyoung.uy\/wp-content\/uploads\/2025\/08\/Apareceria-1.png\" class=\"advgb-image-slider-img\" alt=\"\" style=\"width:100%;height:auto\"\/><div class=\"advgb-image-slider-item-info\" style=\"justify-content:center;align-items:center\"><\/div><\/div><div class=\"advgb-image-slider-item\"><img decoding=\"async\" src=\"https:\/\/portaldeyoung.uy\/wp-content\/uploads\/2025\/08\/Aparceria.png\" class=\"advgb-image-slider-img\" alt=\"\" style=\"width:100%;height:auto\"\/><div class=\"advgb-image-slider-item-info\" style=\"justify-content:center;align-items:center\"><\/div><\/div><div class=\"advgb-image-slider-item\"><img decoding=\"async\" src=\"https:\/\/portaldeyoung.uy\/wp-content\/uploads\/2025\/08\/Banderas-y-Artigas-ACTO.png\" class=\"advgb-image-slider-img\" alt=\"\" style=\"width:100%;height:auto\"\/><div class=\"advgb-image-slider-item-info\" style=\"justify-content:center;align-items:center\"><\/div><\/div><div class=\"advgb-image-slider-item\"><img decoding=\"async\" src=\"https:\/\/portaldeyoung.uy\/wp-content\/uploads\/2025\/08\/Marcha-aparcerias.jpg\" class=\"advgb-image-slider-img\" alt=\"\" style=\"width:100%;height:auto\"\/><div class=\"advgb-image-slider-item-info\" style=\"justify-content:center;align-items:center\"><\/div><\/div><div class=\"advgb-image-slider-item\"><img decoding=\"async\" src=\"https:\/\/portaldeyoung.uy\/wp-content\/uploads\/2025\/08\/Marcha-aparcerias2.jpg\" class=\"advgb-image-slider-img\" alt=\"\" style=\"width:100%;height:auto\"\/><div class=\"advgb-image-slider-item-info\" style=\"justify-content:center;align-items:center\"><\/div><\/div><div class=\"advgb-image-slider-item\"><img decoding=\"async\" src=\"https:\/\/portaldeyoung.uy\/wp-content\/uploads\/2025\/08\/Marcha-aparcerias3.jpg\" class=\"advgb-image-slider-img\" alt=\"\" style=\"width:100%;height:auto\"\/><div class=\"advgb-image-slider-item-info\" style=\"justify-content:center;align-items:center\"><\/div><\/div><\/div><\/div>\n\n\n\n<p><em>*Fotos Guillermo Centuri\u00f3n<\/em><\/p>\n\n\n\n<figure class=\"wp-block-embed is-type-video is-provider-youtube wp-block-embed-youtube wp-embed-aspect-16-9 wp-has-aspect-ratio\"><div class=\"wp-block-embed__wrapper\">\n<iframe loading=\"lazy\" title=\"Bicentenario Declaratoria de la Independencia   Ciudad de Young\" width=\"640\" height=\"360\" src=\"https:\/\/www.youtube.com\/embed\/isWxyCOw-IE?feature=oembed\" frameborder=\"0\" allow=\"accelerometer; autoplay; clipboard-write; encrypted-media; gyroscope; picture-in-picture; web-share\" referrerpolicy=\"strict-origin-when-cross-origin\" allowfullscreen><\/iframe>\n<\/div><\/figure>\n","protected":false},"excerpt":{"rendered":"<p>Autoridades locales, medios de comunicaci\u00f3n, escuelas y vecinos se congregaron alrededor de las 10 de la ma\u00f1ana en Plaza Independencia, luego del&nbsp;gran desfile de aparecer\u00edas<\/p>\n","protected":false},"author":1,"featured_media":2629,"comment_status":"open","ping_status":"open","sticky":false,"template":"","format":"standard","meta":{"advgb_blocks_editor_width":"","advgb_blocks_columns_visual_guide":"","footnotes":"","jetpack_publicize_message":"","jetpack_publicize_feature_enabled":true,"jetpack_social_post_already_shared":true,"jetpack_social_options":{"image_generator_settings":{"template":"highway","default_image_id":0,"font":"","enabled":false},"version":2}},"categories":[4],"tags":[],"class_list":["post-2628","post","type-post","status-publish","format-standard","has-post-thumbnail","hentry","category-de-aca"],"author_meta":{"display_name":"Portal","author_link":"https:\/\/portaldeyoung.uy\/index.php\/author\/admin_port\/"},"featured_img":"https:\/\/portaldeyoung.uy\/wp-content\/uploads\/2025\/08\/Banderas-y-Artigas-ACTO-300x150.png","jetpack_publicize_connections":[],"coauthors":[],"tax_additional":{"categories":{"linked":["<a href=\"https:\/\/portaldeyoung.uy\/index.php\/category\/de-aca\/\" class=\"advgb-post-tax-term\">De ac\u00e1<\/a>"],"unlinked":["<span class=\"advgb-post-tax-term\">De ac\u00e1<\/span>"]}},"comment_count":"0","relative_dates":{"created":"Publicado 8 meses hace","modified":"Actualizado 8 meses hace"},"absolute_dates":{"created":"Publicado el agosto 25, 2025","modified":"Actualizado el agosto 27, 2025"},"absolute_dates_time":{"created":"Publicado el agosto 25, 2025 8:19 pm","modified":"Actualizado el agosto 27, 2025 3:12 pm"},"featured_img_caption":"","series_order":"","_links":{"self":[{"href":"https:\/\/portaldeyoung.uy\/index.php\/wp-json\/wp\/v2\/posts\/2628","targetHints":{"allow":["GET"]}}],"collection":[{"href":"https:\/\/portaldeyoung.uy\/index.php\/wp-json\/wp\/v2\/posts"}],"about":[{"href":"https:\/\/portaldeyoung.uy\/index.php\/wp-json\/wp\/v2\/types\/post"}],"author":[{"embeddable":true,"href":"https:\/\/portaldeyoung.uy\/index.php\/wp-json\/wp\/v2\/users\/1"}],"replies":[{"embeddable":true,"href":"https:\/\/portaldeyoung.uy\/index.php\/wp-json\/wp\/v2\/comments?post=2628"}],"version-history":[{"count":4,"href":"https:\/\/portaldeyoung.uy\/index.php\/wp-json\/wp\/v2\/posts\/2628\/revisions"}],"predecessor-version":[{"id":2645,"href":"https:\/\/portaldeyoung.uy\/index.php\/wp-json\/wp\/v2\/posts\/2628\/revisions\/2645"}],"wp:featuredmedia":[{"embeddable":true,"href":"https:\/\/portaldeyoung.uy\/index.php\/wp-json\/wp\/v2\/media\/2629"}],"wp:attachment":[{"href":"https:\/\/portaldeyoung.uy\/index.php\/wp-json\/wp\/v2\/media?parent=2628"}],"wp:term":[{"taxonomy":"category","embeddable":true,"href":"https:\/\/portaldeyoung.uy\/index.php\/wp-json\/wp\/v2\/categories?post=2628"},{"taxonomy":"post_tag","embeddable":true,"href":"https:\/\/portaldeyoung.uy\/index.php\/wp-json\/wp\/v2\/tags?post=2628"}],"curies":[{"name":"wp","href":"https:\/\/api.w.org\/{rel}","templated":true}]}}