{"id":2570,"date":"2025-08-23T10:00:34","date_gmt":"2025-08-23T10:00:34","guid":{"rendered":"https:\/\/portaldeyoung.uy\/?p=2570"},"modified":"2025-08-25T20:04:12","modified_gmt":"2025-08-25T20:04:12","slug":"sorteo-rifa-interescolar-se-fue-el-primer-auto","status":"publish","type":"post","link":"https:\/\/portaldeyoung.uy\/index.php\/2025\/08\/23\/sorteo-rifa-interescolar-se-fue-el-primer-auto\/","title":{"rendered":"Sorteo rifa Interescolar: se fue el primer auto"},"content":{"rendered":"\n<p>El segundo sorteo de la Rifa Interescolar local fue llevado a cabo con total \u00e9xito en la\u00a0Escuela N\u00ba17 &#8211; Domingo de Arce.<\/p>\n\n\n\n<p>Siete grandes premios fueron sorteados en la noche del pasado Viernes.<\/p>\n\n\n\n<p>El grupo de alumnos de 3\u00b0&nbsp;EMT Gastron\u00f3mico de UTU Young se encarg\u00f3 de brindar gran variedad de tentempi\u00e9s, bebidas y postres a lo largo de el evento, demostrando sus habilidades culinarias as\u00ed como tambi\u00e9n su docente Luc\u00eda Fiorelli nos cont\u00f3 un poco acerca del progreso y desarrollo de los estudiantes del bachillerato en cuesti\u00f3n.<\/p>\n\n\n\n<p>Musicalizando la velada contamos con la presentaci\u00f3n en vivo de <strong>Disonantes<\/strong>, banda local, la cual interpret\u00f3 varios covers de canciones a pedido de asistentes con el motivo de la venidera Noche de La Nostalgia este fin de semana.<\/p>\n\n\n\n<p><em>\u00a1Ganadora del premio principal &#8211; <strong>1 Suzuki Alto 0KM&nbsp;+ Cubreasiento\/Alfombra&nbsp;+ 10 Lts de Combustible<\/strong> !<\/em><\/p>\n\n\n\n<p><strong>&nbsp;<u>N\u00b03892 <\/u>&#8211; Martina Rivero &#8211; Vendido por Escuela N\u00b0 67<\/strong><\/p>\n\n\n\n<p><em>&#8211; Lista de los 7 premios y sus respectivos&nbsp;beneficiados &#8211;<\/em><\/p>\n\n\n\n<p>7\u00b0 Premio N\u00b03892&nbsp;&#8211; <strong>Alfonsina Toloza<\/strong> &#8211; <em>Vendido por&nbsp;Jard\u00edn 80<\/em> &#8211; Orden $2000 en Indumentaria.<\/p>\n\n\n\n<p>6\u00b0 Premio N\u00b011426 &#8211; <strong>Santiago Tajes<\/strong>&nbsp;&#8211; Set Art\u00edculos&nbsp;de Librer\u00eda&nbsp;+&nbsp;Electrodom\u00e9sticos(Orden $2.000)<\/p>\n\n\n\n<p>5\u00b0 Premio N\u00b06293 &#8211;<strong> Lucrecia Silva<\/strong> &#8211; Vendido por Escuela N\u00b0 43 &#8211; Canap\u00e9 + Olla.<\/p>\n\n\n\n<p>4\u00b0 Premio N\u00b07309 &#8211; <strong>Paola Pereira<\/strong> &#8211;&nbsp; Talabarter\u00eda (Orden $2000) + Combo Matero.<\/p>\n\n\n\n<p>3\u00b0 Premio N\u00b018332 &#8211;<strong> Erica Liessen<\/strong> &#8211; Aspiradora Robot + Orden de $5000 en compras para Supermercado + Set de Librer\u00eda (Orden $2000)<\/p>\n\n\n\n<p>2\u00b0 Premio N\u00b08067 &#8211;&nbsp; <strong>Andrea Rosas<\/strong> &#8211; 1 Televisi\u00f3n 42\u00bb&nbsp;<a>+<\/a>&nbsp;2 Bancos + Mantel.<\/p>\n\n\n\n<p>1\u00b0 Premio N\u00b04443 &#8211; <strong>Wilton Dos Santos<\/strong> &#8211; 1 Notebook&nbsp;+ Estuche e Impresora&nbsp;<a>+<\/a>&nbsp;Pack de Hojas A4.<\/p>\n\n\n\n<p>*Escribe Rafael Pepe para el Portal de Young<\/p>\n\n\n\n<figure class=\"wp-block-image size-large\"><img loading=\"lazy\" decoding=\"async\" width=\"1024\" height=\"1024\" src=\"https:\/\/portaldeyoung.uy\/wp-content\/uploads\/2025\/08\/premio-contado-1024x1024.jpeg\" alt=\"\" class=\"wp-image-2574\" srcset=\"https:\/\/portaldeyoung.uy\/wp-content\/uploads\/2025\/08\/premio-contado-1024x1024.jpeg 1024w, https:\/\/portaldeyoung.uy\/wp-content\/uploads\/2025\/08\/premio-contado-300x300.jpeg 300w, https:\/\/portaldeyoung.uy\/wp-content\/uploads\/2025\/08\/premio-contado-150x150.jpeg 150w, https:\/\/portaldeyoung.uy\/wp-content\/uploads\/2025\/08\/premio-contado-768x768.jpeg 768w, https:\/\/portaldeyoung.uy\/wp-content\/uploads\/2025\/08\/premio-contado-500x500.jpeg 500w, https:\/\/portaldeyoung.uy\/wp-content\/uploads\/2025\/08\/premio-contado.jpeg 1080w\" sizes=\"auto, (max-width: 1024px) 100vw, 1024px\" \/><\/figure>\n\n\n\n<figure class=\"wp-block-image size-large\"><img loading=\"lazy\" decoding=\"async\" width=\"1024\" height=\"512\" src=\"https:\/\/portaldeyoung.uy\/wp-content\/uploads\/2025\/08\/Organizadoras-INTERESCOLAR-1024x512.png\" alt=\"\" class=\"wp-image-2572\" srcset=\"https:\/\/portaldeyoung.uy\/wp-content\/uploads\/2025\/08\/Organizadoras-INTERESCOLAR-1024x512.png 1024w, https:\/\/portaldeyoung.uy\/wp-content\/uploads\/2025\/08\/Organizadoras-INTERESCOLAR-300x150.png 300w, https:\/\/portaldeyoung.uy\/wp-content\/uploads\/2025\/08\/Organizadoras-INTERESCOLAR-768x384.png 768w, https:\/\/portaldeyoung.uy\/wp-content\/uploads\/2025\/08\/Organizadoras-INTERESCOLAR.png 1200w\" sizes=\"auto, (max-width: 1024px) 100vw, 1024px\" \/><\/figure>\n\n\n\n<figure class=\"wp-block-image size-large\"><img loading=\"lazy\" decoding=\"async\" width=\"1024\" height=\"512\" src=\"https:\/\/portaldeyoung.uy\/wp-content\/uploads\/2025\/08\/Sorteo-interescolar-2-1024x512.png\" alt=\"\" class=\"wp-image-2571\" srcset=\"https:\/\/portaldeyoung.uy\/wp-content\/uploads\/2025\/08\/Sorteo-interescolar-2-1024x512.png 1024w, https:\/\/portaldeyoung.uy\/wp-content\/uploads\/2025\/08\/Sorteo-interescolar-2-300x150.png 300w, https:\/\/portaldeyoung.uy\/wp-content\/uploads\/2025\/08\/Sorteo-interescolar-2-768x384.png 768w, https:\/\/portaldeyoung.uy\/wp-content\/uploads\/2025\/08\/Sorteo-interescolar-2.png 1200w\" sizes=\"auto, (max-width: 1024px) 100vw, 1024px\" \/><\/figure>\n","protected":false},"excerpt":{"rendered":"<p>El segundo sorteo de la Rifa Interescolar local fue llevado a cabo con total \u00e9xito en la\u00a0Escuela N\u00ba17 &#8211; Domingo de Arce. Siete grandes premios<\/p>\n","protected":false},"author":1,"featured_media":2573,"comment_status":"open","ping_status":"open","sticky":false,"template":"","format":"standard","meta":{"advgb_blocks_editor_width":"","advgb_blocks_columns_visual_guide":"","footnotes":"","jetpack_publicize_message":"","jetpack_publicize_feature_enabled":true,"jetpack_social_post_already_shared":true,"jetpack_social_options":{"image_generator_settings":{"template":"highway","default_image_id":0,"font":"","enabled":false},"version":2}},"categories":[4],"tags":[],"class_list":["post-2570","post","type-post","status-publish","format-standard","has-post-thumbnail","hentry","category-de-aca"],"author_meta":{"display_name":"Portal","author_link":"https:\/\/portaldeyoung.uy\/index.php\/author\/admin_port\/"},"featured_img":"https:\/\/portaldeyoung.uy\/wp-content\/uploads\/2025\/08\/Sorteo-interescolar-300x150.png","jetpack_publicize_connections":[],"coauthors":[],"tax_additional":{"categories":{"linked":["<a href=\"https:\/\/portaldeyoung.uy\/index.php\/category\/de-aca\/\" class=\"advgb-post-tax-term\">De ac\u00e1<\/a>"],"unlinked":["<span class=\"advgb-post-tax-term\">De ac\u00e1<\/span>"]}},"comment_count":"0","relative_dates":{"created":"Publicado 8 meses hace","modified":"Actualizado 8 meses hace"},"absolute_dates":{"created":"Publicado el agosto 23, 2025","modified":"Actualizado el agosto 25, 2025"},"absolute_dates_time":{"created":"Publicado el agosto 23, 2025 10:00 am","modified":"Actualizado el agosto 25, 2025 8:04 pm"},"featured_img_caption":"","series_order":"","_links":{"self":[{"href":"https:\/\/portaldeyoung.uy\/index.php\/wp-json\/wp\/v2\/posts\/2570","targetHints":{"allow":["GET"]}}],"collection":[{"href":"https:\/\/portaldeyoung.uy\/index.php\/wp-json\/wp\/v2\/posts"}],"about":[{"href":"https:\/\/portaldeyoung.uy\/index.php\/wp-json\/wp\/v2\/types\/post"}],"author":[{"embeddable":true,"href":"https:\/\/portaldeyoung.uy\/index.php\/wp-json\/wp\/v2\/users\/1"}],"replies":[{"embeddable":true,"href":"https:\/\/portaldeyoung.uy\/index.php\/wp-json\/wp\/v2\/comments?post=2570"}],"version-history":[{"count":1,"href":"https:\/\/portaldeyoung.uy\/index.php\/wp-json\/wp\/v2\/posts\/2570\/revisions"}],"predecessor-version":[{"id":2575,"href":"https:\/\/portaldeyoung.uy\/index.php\/wp-json\/wp\/v2\/posts\/2570\/revisions\/2575"}],"wp:featuredmedia":[{"embeddable":true,"href":"https:\/\/portaldeyoung.uy\/index.php\/wp-json\/wp\/v2\/media\/2573"}],"wp:attachment":[{"href":"https:\/\/portaldeyoung.uy\/index.php\/wp-json\/wp\/v2\/media?parent=2570"}],"wp:term":[{"taxonomy":"category","embeddable":true,"href":"https:\/\/portaldeyoung.uy\/index.php\/wp-json\/wp\/v2\/categories?post=2570"},{"taxonomy":"post_tag","embeddable":true,"href":"https:\/\/portaldeyoung.uy\/index.php\/wp-json\/wp\/v2\/tags?post=2570"}],"curies":[{"name":"wp","href":"https:\/\/api.w.org\/{rel}","templated":true}]}}