{"id":2567,"date":"2025-08-23T09:45:19","date_gmt":"2025-08-23T09:45:19","guid":{"rendered":"https:\/\/portaldeyoung.uy\/?p=2567"},"modified":"2025-08-25T12:21:38","modified_gmt":"2025-08-25T12:21:38","slug":"noche-de-la-nostalgia-operativos-de-transito-en-young","status":"publish","type":"post","link":"https:\/\/portaldeyoung.uy\/index.php\/2025\/08\/23\/noche-de-la-nostalgia-operativos-de-transito-en-young\/","title":{"rendered":"Noche de la Nostalgia: Operativos de tr\u00e1nsito en Young"},"content":{"rendered":"\n<p>En conferencia de prensa se dio a conocer informaci\u00f3n, relacionada con los controles coordinados que se realizaran en la ciudad, en el marco de los festejos de la Noche de la Nostalgia.<\/p>\n\n\n\n<p>En la oportunidad estuvieron presentes la Directora de Transito, Estefan\u00eda Zoryez, la Alcaldesa, Arq. Cecilia Rodr\u00edguez, N\u00e9stor de los Santos referente interino de la Oficina de Higiene en Young, el adjunto a la Direcci\u00f3n de Transito, Horacio Molinari y referentes de Polic\u00eda y Bomberos.<\/p>\n\n\n\n<p>En principio se informo que hay dos espect\u00e1culos bailables habilitados.<br>El trabajo se ha coordinado con participaci\u00f3n de las \u00e1reas de Transito de Higiene de la Intendencia, Municipio de Young, Polic\u00eda, Bomberos y personal de la salud, con dos unidades de enfermer\u00eda en puerta, prontos para activar protocolos de ser necesarios.<\/p>\n\n\n\n<p>Desde Higiene se reforzara el operativo de control de ruidos molestos en la v\u00eda p\u00fablica y en los locales donde se realizan espect\u00e1culos.<br>El objetivo es prevenir siniestros de tr\u00e1nsito y reforzar el cuidado en una de las noches con m\u00e1s movilidad del a\u00f1o.<\/p>\n\n\n\n<p>La intendencia habr\u00e1 de trabajar de forma coordinada con UNASEV, informando detalladamente de los controles e intervenciones realizadas, cantidad de funcionarios afectados a las tareas, controles de espirometria realizados, cuantos dieron positivo y cuantos negativo.<\/p>\n\n\n\n<p>La Noche de la Nostalgia es una de las fiestas m\u00e1s esperadas por los uruguayos, pero tambi\u00e9n una de las de mayor movilidad nocturna.<\/p>\n\n\n\n<p>Por eso, las autoridades insisten en que la mejor manera de disfrutar es planificar el traslado, designar un conductor responsable o utilizar medios de transporte seguros.<\/p>\n\n\n\n<p>La consigna es \u201cDisfrut\u00e1 y divertite, Nostalgia segura\u201d.<\/p>\n\n\n\n<p><em>*Fuente Prensa IRN<\/em><\/p>\n","protected":false},"excerpt":{"rendered":"<p>En conferencia de prensa se dio a conocer informaci\u00f3n, relacionada con los controles coordinados que se realizaran en la ciudad, en el marco de los<\/p>\n","protected":false},"author":1,"featured_media":2568,"comment_status":"open","ping_status":"open","sticky":false,"template":"","format":"standard","meta":{"advgb_blocks_editor_width":"","advgb_blocks_columns_visual_guide":"","footnotes":"","jetpack_publicize_message":"","jetpack_publicize_feature_enabled":true,"jetpack_social_post_already_shared":true,"jetpack_social_options":{"image_generator_settings":{"template":"highway","default_image_id":0,"font":"","enabled":false},"version":2}},"categories":[4],"tags":[],"class_list":["post-2567","post","type-post","status-publish","format-standard","has-post-thumbnail","hentry","category-de-aca"],"author_meta":{"display_name":"Portal","author_link":"https:\/\/portaldeyoung.uy\/index.php\/author\/admin_port\/"},"featured_img":"https:\/\/portaldeyoung.uy\/wp-content\/uploads\/2025\/08\/conferencia-municipio-300x151.jpg","jetpack_publicize_connections":[],"coauthors":[],"tax_additional":{"categories":{"linked":["<a href=\"https:\/\/portaldeyoung.uy\/index.php\/category\/de-aca\/\" class=\"advgb-post-tax-term\">De ac\u00e1<\/a>"],"unlinked":["<span class=\"advgb-post-tax-term\">De ac\u00e1<\/span>"]}},"comment_count":"0","relative_dates":{"created":"Publicado 8 meses hace","modified":"Actualizado 8 meses hace"},"absolute_dates":{"created":"Publicado el agosto 23, 2025","modified":"Actualizado el agosto 25, 2025"},"absolute_dates_time":{"created":"Publicado el agosto 23, 2025 9:45 am","modified":"Actualizado el agosto 25, 2025 12:21 pm"},"featured_img_caption":"","series_order":"","_links":{"self":[{"href":"https:\/\/portaldeyoung.uy\/index.php\/wp-json\/wp\/v2\/posts\/2567","targetHints":{"allow":["GET"]}}],"collection":[{"href":"https:\/\/portaldeyoung.uy\/index.php\/wp-json\/wp\/v2\/posts"}],"about":[{"href":"https:\/\/portaldeyoung.uy\/index.php\/wp-json\/wp\/v2\/types\/post"}],"author":[{"embeddable":true,"href":"https:\/\/portaldeyoung.uy\/index.php\/wp-json\/wp\/v2\/users\/1"}],"replies":[{"embeddable":true,"href":"https:\/\/portaldeyoung.uy\/index.php\/wp-json\/wp\/v2\/comments?post=2567"}],"version-history":[{"count":1,"href":"https:\/\/portaldeyoung.uy\/index.php\/wp-json\/wp\/v2\/posts\/2567\/revisions"}],"predecessor-version":[{"id":2569,"href":"https:\/\/portaldeyoung.uy\/index.php\/wp-json\/wp\/v2\/posts\/2567\/revisions\/2569"}],"wp:featuredmedia":[{"embeddable":true,"href":"https:\/\/portaldeyoung.uy\/index.php\/wp-json\/wp\/v2\/media\/2568"}],"wp:attachment":[{"href":"https:\/\/portaldeyoung.uy\/index.php\/wp-json\/wp\/v2\/media?parent=2567"}],"wp:term":[{"taxonomy":"category","embeddable":true,"href":"https:\/\/portaldeyoung.uy\/index.php\/wp-json\/wp\/v2\/categories?post=2567"},{"taxonomy":"post_tag","embeddable":true,"href":"https:\/\/portaldeyoung.uy\/index.php\/wp-json\/wp\/v2\/tags?post=2567"}],"curies":[{"name":"wp","href":"https:\/\/api.w.org\/{rel}","templated":true}]}}