{"id":2548,"date":"2025-08-23T08:19:50","date_gmt":"2025-08-23T08:19:50","guid":{"rendered":"https:\/\/portaldeyoung.uy\/?p=2548"},"modified":"2025-08-23T08:19:53","modified_gmt":"2025-08-23T08:19:53","slug":"exalcalde-de-noblia-a-prision-preventiva-por-varios-delitos-vinculados-al-caso-de-libretas-irregulares","status":"publish","type":"post","link":"https:\/\/portaldeyoung.uy\/index.php\/2025\/08\/23\/exalcalde-de-noblia-a-prision-preventiva-por-varios-delitos-vinculados-al-caso-de-libretas-irregulares\/","title":{"rendered":"Exalcalde de Nobl\u00eda a prisi\u00f3n preventiva por varios delitos vinculados al caso de libretas irregulares"},"content":{"rendered":"\n<p>Su defensa apel\u00f3 la resoluci\u00f3n del juzgado. Favio Freire dej\u00f3 hace tres d\u00edas su cargo como director de la Polic\u00eda Municipal.<\/p>\n\n\n\n<p>La Justicia resolvi\u00f3 imputar al exalcalde de <strong>Nobl\u00eda<\/strong>, <strong>Favio Freire<\/strong>, como presunto autor de delitos de asociaci\u00f3n para delinquir, coecho calificado y falsificaci\u00f3n ideol\u00f3gica de documento p\u00fablico. Va a prisi\u00f3n preventiva por 180 d\u00edas.<\/p>\n\n\n\n<p>Es investigado en la causa de las libretas irregulares. Su defensa apel\u00f3 la resoluci\u00f3n del juzgado.<\/p>\n\n\n\n<p>Favio Freire dej\u00f3 hace tres d\u00edas su cargo como director de la Polic\u00eda Municipal.<\/p>\n\n\n\n<p>Adem\u00e1s, este viernes fue condenada una mujer que \u00aboficiaba como captadora\u00bb, inform\u00f3 el director de Comunicaci\u00f3n de Fiscal\u00eda, Javier Benech. La pena es a cuatro meses de prisi\u00f3n efectiva y luego prisi\u00f3n domiciliaria y libertad a prueba hasta completar los 16 meses.<\/p>\n\n\n\n<p>El exalcalde fue detenido este jueves, junto a otras cinco personas sospechosas de estar implicadas en la venta de libretas de conducir en Cerro Largo. Tras ser arrestado, se descompens\u00f3, pero este viernes de noche fue imputado.<\/p>\n\n\n\n<p>Por esta causa hubo otros dos condenados y otros dos imputados este jueves. Una de las imputadas fue Elvira del R\u00edo, de 71 a\u00f1os, exfuncionaria de la Intendencia de Cerro Largo. Estuvo a cargo de la Direcci\u00f3n de Turismo y de Ferias, tiene una escuela de choferes, form\u00f3 parte de una agrupaci\u00f3n pol\u00edtica del Partido Nacional y actualmente est\u00e1 jubilada.<\/p>\n\n\n\n<p>La Justicia la imput\u00f3 por asociaci\u00f3n para delinquir y cohecho calificado como coautora. Cumple arresto domiciliario total por 180 d\u00edas mientras contin\u00faa la investigaci\u00f3n en su contra y aguarda sentencia definitiva. Un m\u00e9dico forense acredit\u00f3 razones de salud para que no fuera a prisi\u00f3n efectiva.<\/p>\n\n\n\n<p>Otro de los imputados fue un funcionario p\u00fablico de la Alcald\u00eda de Isidoro Nobl\u00eda, encargado de las pruebas pr\u00e1cticas. La fiscal lo acusa de un delito de asociaci\u00f3n para delinquir y cohecho calificado y falsificaci\u00f3n de documento p\u00fablico. Fue enviado a prisi\u00f3n preventiva por 180 d\u00edas mientras sigue la investigaci\u00f3n.<\/p>\n\n\n\n<p>En tanto un particular oriundo de otro departamento fue condenado mediante proceso abreviado a 12 meses de prisi\u00f3n por un delito de asociaci\u00f3n para delinquir, en concurrencia fuera de la reiteraci\u00f3n con reiterados delitos de cohecho calificado como coautor. Eso implic\u00f3 que reconoci\u00f3 los hechos.<\/p>\n\n\n\n<p>Adem\u00e1s un hombre fue condenado a cumplir 16 meses de libertad a prueba con arresto domiciliario nocturno y trabajo comunitario. Seg\u00fan prob\u00f3 la Justicia, actuaba como captador de quienes pretend\u00edan obtener las libretas en la localidad de Nobl\u00eda.<\/p>\n\n\n\n<p>Isidoro de Nobl\u00eda, con unos 3.000 habitantes, emiti\u00f3 en los \u00faltimos tres a\u00f1os alrededor de 8.900 libretas de conducir. Varios funcionarios son investigados por la presunta venta de estos documentos.<\/p>\n\n\n\n<p><em>*Subrayado<\/em><\/p>\n","protected":false},"excerpt":{"rendered":"<p>Su defensa apel\u00f3 la resoluci\u00f3n del juzgado. Favio Freire dej\u00f3 hace tres d\u00edas su cargo como director de la Polic\u00eda Municipal. La Justicia resolvi\u00f3 imputar<\/p>\n","protected":false},"author":1,"featured_media":2549,"comment_status":"open","ping_status":"open","sticky":false,"template":"","format":"standard","meta":{"advgb_blocks_editor_width":"","advgb_blocks_columns_visual_guide":"","footnotes":"","jetpack_publicize_message":"","jetpack_publicize_feature_enabled":true,"jetpack_social_post_already_shared":true,"jetpack_social_options":{"image_generator_settings":{"template":"highway","default_image_id":0,"font":"","enabled":false},"version":2}},"categories":[7],"tags":[],"class_list":["post-2548","post","type-post","status-publish","format-standard","has-post-thumbnail","hentry","category-del-pais"],"author_meta":{"display_name":"Portal","author_link":"https:\/\/portaldeyoung.uy\/index.php\/author\/admin_port\/"},"featured_img":"https:\/\/portaldeyoung.uy\/wp-content\/uploads\/2025\/08\/alcalde-noblia-300x212.png","jetpack_publicize_connections":[],"coauthors":[],"tax_additional":{"categories":{"linked":["<a href=\"https:\/\/portaldeyoung.uy\/index.php\/category\/del-pais\/\" class=\"advgb-post-tax-term\">Del pa\u00eds<\/a>"],"unlinked":["<span class=\"advgb-post-tax-term\">Del pa\u00eds<\/span>"]}},"comment_count":"0","relative_dates":{"created":"Publicado 8 meses hace","modified":"Actualizado 8 meses hace"},"absolute_dates":{"created":"Publicado el agosto 23, 2025","modified":"Actualizado el agosto 23, 2025"},"absolute_dates_time":{"created":"Publicado el agosto 23, 2025 8:19 am","modified":"Actualizado el agosto 23, 2025 8:19 am"},"featured_img_caption":"","series_order":"","_links":{"self":[{"href":"https:\/\/portaldeyoung.uy\/index.php\/wp-json\/wp\/v2\/posts\/2548","targetHints":{"allow":["GET"]}}],"collection":[{"href":"https:\/\/portaldeyoung.uy\/index.php\/wp-json\/wp\/v2\/posts"}],"about":[{"href":"https:\/\/portaldeyoung.uy\/index.php\/wp-json\/wp\/v2\/types\/post"}],"author":[{"embeddable":true,"href":"https:\/\/portaldeyoung.uy\/index.php\/wp-json\/wp\/v2\/users\/1"}],"replies":[{"embeddable":true,"href":"https:\/\/portaldeyoung.uy\/index.php\/wp-json\/wp\/v2\/comments?post=2548"}],"version-history":[{"count":1,"href":"https:\/\/portaldeyoung.uy\/index.php\/wp-json\/wp\/v2\/posts\/2548\/revisions"}],"predecessor-version":[{"id":2550,"href":"https:\/\/portaldeyoung.uy\/index.php\/wp-json\/wp\/v2\/posts\/2548\/revisions\/2550"}],"wp:featuredmedia":[{"embeddable":true,"href":"https:\/\/portaldeyoung.uy\/index.php\/wp-json\/wp\/v2\/media\/2549"}],"wp:attachment":[{"href":"https:\/\/portaldeyoung.uy\/index.php\/wp-json\/wp\/v2\/media?parent=2548"}],"wp:term":[{"taxonomy":"category","embeddable":true,"href":"https:\/\/portaldeyoung.uy\/index.php\/wp-json\/wp\/v2\/categories?post=2548"},{"taxonomy":"post_tag","embeddable":true,"href":"https:\/\/portaldeyoung.uy\/index.php\/wp-json\/wp\/v2\/tags?post=2548"}],"curies":[{"name":"wp","href":"https:\/\/api.w.org\/{rel}","templated":true}]}}