{"id":2534,"date":"2025-08-23T07:58:49","date_gmt":"2025-08-23T07:58:49","guid":{"rendered":"https:\/\/portaldeyoung.uy\/?p=2534"},"modified":"2025-08-23T07:58:52","modified_gmt":"2025-08-23T07:58:52","slug":"ciudad-japonesa-propone-limitar-uso-del-celular-a-2-horas-diarias-fuera-del-trabajo","status":"publish","type":"post","link":"https:\/\/portaldeyoung.uy\/index.php\/2025\/08\/23\/ciudad-japonesa-propone-limitar-uso-del-celular-a-2-horas-diarias-fuera-del-trabajo\/","title":{"rendered":"Ciudad japonesa propone limitar uso del celular a 2 horas diarias fuera del trabajo"},"content":{"rendered":"\n<p>Toyoake impulsa una norma no obligatoria para reducir el uso excesivo del m\u00f3vil y prevenir da\u00f1os a la salud.<\/p>\n\n\n\n<p>La ciudad japonesa de Toyoake, ubicada en la prefectura de Aichi, present\u00f3 un borrador de ordenanza que<strong> recomienda a sus habitantes limitar el uso de tel\u00e9fonos inteligentes a un m\u00e1ximo de dos horas diarias fuera del \u00e1mbito laboral o educativo.<\/strong> La iniciativa, de car\u00e1cter no obligatorio, busca prevenir problemas de salud f\u00edsica y mental asociados al uso excesivo de pantallas, especialmente entre los m\u00e1s j\u00f3venes.<\/p>\n\n\n\n<p>Seg\u00fan el alcalde Masafumi Koki, <strong>la propuesta responde a una creciente preocupaci\u00f3n social por los trastornos del sue\u00f1o<\/strong>, el sedentarismo y la dependencia digital que afectan a ni\u00f1os, adolescentes y adultos. El borrador sugiere que los estudiantes de primaria no usen sus tel\u00e9fonos despu\u00e9s de las 21:00, y que los de secundaria y adultos se desconecten a partir de las 22:00.<\/p>\n\n\n\n<p>Sin embargo, la medida desat\u00f3 un intenso debate en redes sociales. \u201cEntiendo la intenci\u00f3n, pero dos horas es imposible\u201d, escribi\u00f3 un usuario en la red X. Otro coment\u00f3: \u201cEn dos horas no puedo ni ver una pel\u00edcula completa\u201d. Tambi\u00e9n hubo quienes se\u00f1alaron que regular este tipo de h\u00e1bitos deber\u00eda quedar en manos de cada familia, no del gobierno local.<\/p>\n\n\n\n<p>Frente a las cr\u00edticas, el alcalde aclar\u00f3 que<strong> la medida no contempla sanciones y que \u201creconoce que los tel\u00e9fonos inteligentes son \u00fatiles e indispensables en la vida diaria\u201d. <\/strong>La ordenanza ser\u00e1 sometida a votaci\u00f3n en el concejo municipal la pr\u00f3xima semana y, de ser aprobada, entrar\u00e1 en vigor en octubre.<\/p>\n\n\n\n<p>Esta no es la primera vez que una regi\u00f3n japonesa promueve regulaciones orientadas a reducir el uso de dispositivos digitales. En 2020, la prefectura de Kagawa implement\u00f3 una norma similar para limitar el tiempo de juego en l\u00ednea entre menores de edad, aunque tampoco era de cumplimiento obligatorio.<\/p>\n\n\n\n<p>Seg\u00fan una encuesta de la Agencia Nacional de Ni\u00f1os y Familias, publicada en marzo de este a\u00f1o,<strong> los adolescentes japoneses pasan en promedio cinco horas diarias conectados a internet,<\/strong> lo que alimenta la preocupaci\u00f3n por los efectos a largo plazo del exceso de tiempo frente a pantallas.<\/p>\n\n\n\n<p><em>Con informaci\u00f3n de AFP<\/em><\/p>\n","protected":false},"excerpt":{"rendered":"<p>Toyoake impulsa una norma no obligatoria para reducir el uso excesivo del m\u00f3vil y prevenir da\u00f1os a la salud. La ciudad japonesa de Toyoake, ubicada<\/p>\n","protected":false},"author":1,"featured_media":2535,"comment_status":"open","ping_status":"open","sticky":false,"template":"","format":"standard","meta":{"advgb_blocks_editor_width":"","advgb_blocks_columns_visual_guide":"","footnotes":"","jetpack_publicize_message":"","jetpack_publicize_feature_enabled":true,"jetpack_social_post_already_shared":true,"jetpack_social_options":{"image_generator_settings":{"template":"highway","default_image_id":0,"font":"","enabled":false},"version":2}},"categories":[8],"tags":[],"class_list":["post-2534","post","type-post","status-publish","format-standard","has-post-thumbnail","hentry","category-salud-y-tecnologia"],"author_meta":{"display_name":"Portal","author_link":"https:\/\/portaldeyoung.uy\/index.php\/author\/admin_port\/"},"featured_img":"https:\/\/portaldeyoung.uy\/wp-content\/uploads\/2025\/08\/Celular-300x200.jpg","jetpack_publicize_connections":[],"coauthors":[],"tax_additional":{"categories":{"linked":["<a href=\"https:\/\/portaldeyoung.uy\/index.php\/category\/salud-y-tecnologia\/\" class=\"advgb-post-tax-term\">Salud y tecnolog\u00eda<\/a>"],"unlinked":["<span class=\"advgb-post-tax-term\">Salud y tecnolog\u00eda<\/span>"]}},"comment_count":"0","relative_dates":{"created":"Publicado 8 meses hace","modified":"Actualizado 8 meses hace"},"absolute_dates":{"created":"Publicado el agosto 23, 2025","modified":"Actualizado el agosto 23, 2025"},"absolute_dates_time":{"created":"Publicado el agosto 23, 2025 7:58 am","modified":"Actualizado el agosto 23, 2025 7:58 am"},"featured_img_caption":"","series_order":"","_links":{"self":[{"href":"https:\/\/portaldeyoung.uy\/index.php\/wp-json\/wp\/v2\/posts\/2534","targetHints":{"allow":["GET"]}}],"collection":[{"href":"https:\/\/portaldeyoung.uy\/index.php\/wp-json\/wp\/v2\/posts"}],"about":[{"href":"https:\/\/portaldeyoung.uy\/index.php\/wp-json\/wp\/v2\/types\/post"}],"author":[{"embeddable":true,"href":"https:\/\/portaldeyoung.uy\/index.php\/wp-json\/wp\/v2\/users\/1"}],"replies":[{"embeddable":true,"href":"https:\/\/portaldeyoung.uy\/index.php\/wp-json\/wp\/v2\/comments?post=2534"}],"version-history":[{"count":1,"href":"https:\/\/portaldeyoung.uy\/index.php\/wp-json\/wp\/v2\/posts\/2534\/revisions"}],"predecessor-version":[{"id":2536,"href":"https:\/\/portaldeyoung.uy\/index.php\/wp-json\/wp\/v2\/posts\/2534\/revisions\/2536"}],"wp:featuredmedia":[{"embeddable":true,"href":"https:\/\/portaldeyoung.uy\/index.php\/wp-json\/wp\/v2\/media\/2535"}],"wp:attachment":[{"href":"https:\/\/portaldeyoung.uy\/index.php\/wp-json\/wp\/v2\/media?parent=2534"}],"wp:term":[{"taxonomy":"category","embeddable":true,"href":"https:\/\/portaldeyoung.uy\/index.php\/wp-json\/wp\/v2\/categories?post=2534"},{"taxonomy":"post_tag","embeddable":true,"href":"https:\/\/portaldeyoung.uy\/index.php\/wp-json\/wp\/v2\/tags?post=2534"}],"curies":[{"name":"wp","href":"https:\/\/api.w.org\/{rel}","templated":true}]}}